{"id":178517,"date":"2021-08-23T08:24:09","date_gmt":"2021-08-23T13:24:09","guid":{"rendered":"https:\/\/plazajuarez.mx\/?p=178517"},"modified":"2021-08-23T08:24:25","modified_gmt":"2021-08-23T13:24:25","slug":"realizaran-bazar-literario","status":"publish","type":"post","link":"https:\/\/plazajuarez.mx\/historico\/realizaran-bazar-literario\/","title":{"rendered":"Realizar\u00e1n bazar literario"},"content":{"rendered":"\n<p>\u201cTinta Bazar art\u00edstico y literario\u201d es el nombre del evento cultural que Librer\u00eda Mestiza tiene preparado para llevarse a cabo el 11 de septiembre. En un horario de 10:00 de la ma\u00f1ana a 06:00 de la tarde, las personas que acudan a la librer\u00eda ubicada en Xicot\u00e9ncatl 112, a un costado del Jard\u00edn del Arte, podr\u00e1n encontrar libros, productos locales, presentaciones editoriales, talleres, comida y m\u00fasica.<\/p>\n\n\n\n<p>La finalidad del evento es promover y fomentar la lectura, as\u00ed como crear un punto de encuentro entre lectores, productores y proveedores independientes locales a trav\u00e9s de mesas de exposici\u00f3n, presentaciones editoriales en modalidad virtual y presencial y talleres dirigidos a diferentes sectores de la poblaci\u00f3n.&nbsp;<\/p>\n\n\n\n<p>Hasta el momento se tienen confirmadas la participaci\u00f3n de Yanira Garc\u00eda, autora hidalguense, con \u201c42 kil\u00f3metros\u201d; de Editorial Camelot Am\u00e9rica; \u201cEscala en un No lugar\u201d de Editorial Cipselas y del autor Le\u00f3n Cuevas de Romina Bulhosen, con \u201cEl camino del iniciado\u201d. As\u00ed mismo estar\u00e1 presente C\u00edrculo de Poes\u00eda (Ciudad de M\u00e9xico), Ediciones El viaje (Guadalajara, Jalisco), Xihuingo ediciones (Ciudad Sahag\u00fan, Hidalgo) y PoetApp (Colombia).<\/p>\n\n\n\n<p>Las personas interesadas en participar en el bazar deben inscribirse a trav\u00e9s del link <a href=\"https:\/\/docs.google.com\/...\/1FAIpQLScRBhNdFER...\/viewform\">https:\/\/docs.google.com\/&#8230;\/1FAIpQLScRBhNdFER&#8230;\/viewform<\/a> , all\u00ed podr\u00e1n solicitar una mesa de exposici\u00f3n o elegir un horario de presentaci\u00f3n editorial.&nbsp;<\/p>\n","protected":false},"excerpt":{"rendered":"<p>\u201cTinta Bazar art\u00edstico y literario\u201d es el nombre del evento cultural que Librer\u00eda Mestiza tiene preparado para llevarse a cabo el 11 de septiembre. En un horario de 10:00 de la ma\u00f1ana a 06:00 de la tarde, las personas que acudan a la librer\u00eda ubicada en Xicot\u00e9ncatl 112, a un costado del Jard\u00edn del Arte, [&hellip;]<\/p>\n","protected":false},"author":101,"featured_media":178518,"comment_status":"closed","ping_status":"closed","sticky":false,"template":"","format":"standard","meta":{"footnotes":""},"categories":[59,2159],"tags":[],"class_list":["post-178517","post","type-post","status-publish","format-standard","has-post-thumbnail","hentry","category-general","category-noticias-de-hidalgo"],"_links":{"self":[{"href":"https:\/\/plazajuarez.mx\/historico\/wp-json\/wp\/v2\/posts\/178517","targetHints":{"allow":["GET"]}}],"collection":[{"href":"https:\/\/plazajuarez.mx\/historico\/wp-json\/wp\/v2\/posts"}],"about":[{"href":"https:\/\/plazajuarez.mx\/historico\/wp-json\/wp\/v2\/types\/post"}],"author":[{"embeddable":true,"href":"https:\/\/plazajuarez.mx\/historico\/wp-json\/wp\/v2\/users\/101"}],"replies":[{"embeddable":true,"href":"https:\/\/plazajuarez.mx\/historico\/wp-json\/wp\/v2\/comments?post=178517"}],"version-history":[{"count":0,"href":"https:\/\/plazajuarez.mx\/historico\/wp-json\/wp\/v2\/posts\/178517\/revisions"}],"wp:featuredmedia":[{"embeddable":true,"href":"https:\/\/plazajuarez.mx\/historico\/wp-json\/wp\/v2\/media\/178518"}],"wp:attachment":[{"href":"https:\/\/plazajuarez.mx\/historico\/wp-json\/wp\/v2\/media?parent=178517"}],"wp:term":[{"taxonomy":"category","embeddable":true,"href":"https:\/\/plazajuarez.mx\/historico\/wp-json\/wp\/v2\/categories?post=178517"},{"taxonomy":"post_tag","embeddable":true,"href":"https:\/\/plazajuarez.mx\/historico\/wp-json\/wp\/v2\/tags?post=178517"}],"curies":[{"name":"wp","href":"https:\/\/api.w.org\/{rel}","templated":true}]}}