{"id":178512,"date":"2021-08-23T08:22:21","date_gmt":"2021-08-23T13:22:21","guid":{"rendered":"https:\/\/plazajuarez.mx\/?p=178512"},"modified":"2021-08-23T08:22:31","modified_gmt":"2021-08-23T13:22:31","slug":"la-asociacion-civil-voy-trascendiendo-impartira-seminarios-virtuales","status":"publish","type":"post","link":"https:\/\/plazajuarez.mx\/historico\/la-asociacion-civil-voy-trascendiendo-impartira-seminarios-virtuales\/","title":{"rendered":"La Asociaci\u00f3n Civil \u201cVoy Trascendiendo impartir\u00e1 seminarios virtuales\u201d"},"content":{"rendered":"\n<p>A partir de ma\u00f1ana, la asociaci\u00f3n \u201cVoy Trascendiendo\u201d impartir\u00e1 en modalidad virtual, cinco seminarios que tienen programados. Se realizar\u00e1n cada martes de 6:00 a 8:00 de la tarde. Ma\u00f1ana empezar\u00e1n con \u201cParejas t\u00f3xicas\u201d, el martes 31 se llevar\u00e1 a cabo \u201cDrogas silenciosas, drogas deliciosas y sus efectos\u201d, el 7 de septiembre \u201cManejo de Berrinche\u201d, el 21 de septiembre \u201cMientes, yo miento, vamos a descubrirlo juntos\u201d y el 28 de septiembre \u201cLa importancia de la Psicolog\u00eda Infantil\u201d.<\/p>\n\n\n\n<p>Celeste V\u00e1zquez, directora de esta asociaci\u00f3n civil existencial, expres\u00f3 que se crearon estos seminarios debido al incremento de ansiedad, de estr\u00e9s y de violencia intrafamiliar, que se generaron por la pandemia de covid-19, por lo que abordan&nbsp; \u201cla parte de pareja, la parte del manejo con los ni\u00f1os y educaci\u00f3n, la parte un poco de redes sociales, adicciones y la atenci\u00f3n de psicolog\u00eda infantil\u201d.&nbsp;<\/p>\n\n\n\n<p>A la par de los seminarios \u201cVoy Trascendiendo\u201d tiene programas integrales en los que dan servicios psicoterap\u00e9uticos, asistencia legal, se fomenta la cultura, el arte y tienen programas de educaci\u00f3n con la finalidad de despertar la conciencia.<\/p>\n\n\n\n<p>Ellos manejan la filosof\u00eda de pago a terceros que \u201ces poder dar un poquito de lo que la vida nos ha dado, poder compensarlo a los dem\u00e1s, y nosotros lo hacemos a trav\u00e9s de las herramientas que conocemos que es psicoterapia\u201d explic\u00f3 Celeste.&nbsp;&nbsp;&nbsp;<\/p>\n\n\n\n<p>Los y las interesadas en los seminarios deber\u00e1n mandar un WhatsApp al n\u00famero 7714047818 o comunicarse a trav\u00e9s de las redes sociales de la asociaci\u00f3n, as\u00ed mismo, quienes deseen una cita de psicoterapia. Estas tienen una cuota de recuperaci\u00f3n significativa: \u201cse les hace un estudio socioecon\u00f3mico y con base a eso se les da la cuota\u201d mencion\u00f3 Celeste.<\/p>\n\n\n\n<p>Agreg\u00f3 que una de las situaciones a las que se han enfrentado, es que las personas buscan la atenci\u00f3n, pero no cuenta con el recurso econ\u00f3mico, por lo que realizan un convenio de servicios, por ejemplo, \u201csi t\u00fa eres fot\u00f3grafa y nosotros necesitamos, pues yo te doy psicoterapia a cambio de una sesi\u00f3n fotogr\u00e1fica\u201d.&nbsp;<\/p>\n\n\n\n<p>El servicio psicoterap\u00e9utico se da de forma virtual o presencial, con todas las medidas, seg\u00fan sea el problema, y cuentan con profesionistas certificados en el \u00e1rea \u201cdesde psicoterapeutas infantiles, para adolescentes, j\u00f3venes, parejas y con diferentes enfoques: humanista, cognitivo y conductual\u201d.<\/p>\n\n\n\n<p>Este mes aparte de los seminarios impartir\u00e1n un grupo psicoterap\u00e9utico dirigido a mujeres de manera virtual, est\u00e1n trabajando en un programa de intervenci\u00f3n para la violencia con j\u00f3venes y los s\u00e1bados tienen el programa virtual \u201cS\u00e1bado Tinto\u201d donde entrevistan a diversos artistas con la finalidad de promover la cultura.&nbsp;<\/p>\n\n\n\n<p>Celeste lleva 13 a\u00f1os como psicoterapeuta, la asociaci\u00f3n se form\u00f3 desde hace seis a\u00f1os y apenas este 2021 se constituyeron legalmente.&nbsp;<\/p>\n","protected":false},"excerpt":{"rendered":"<p>A partir de ma\u00f1ana, la asociaci\u00f3n \u201cVoy Trascendiendo\u201d impartir\u00e1 en modalidad virtual, cinco seminarios que tienen programados. Se realizar\u00e1n cada martes de 6:00 a 8:00 de la tarde. Ma\u00f1ana empezar\u00e1n con \u201cParejas t\u00f3xicas\u201d, el martes 31 se llevar\u00e1 a cabo \u201cDrogas silenciosas, drogas deliciosas y sus efectos\u201d, el 7 de septiembre \u201cManejo de Berrinche\u201d, el [&hellip;]<\/p>\n","protected":false},"author":101,"featured_media":178514,"comment_status":"closed","ping_status":"closed","sticky":false,"template":"","format":"standard","meta":{"footnotes":""},"categories":[59,2159],"tags":[],"class_list":["post-178512","post","type-post","status-publish","format-standard","has-post-thumbnail","hentry","category-general","category-noticias-de-hidalgo"],"_links":{"self":[{"href":"https:\/\/plazajuarez.mx\/historico\/wp-json\/wp\/v2\/posts\/178512","targetHints":{"allow":["GET"]}}],"collection":[{"href":"https:\/\/plazajuarez.mx\/historico\/wp-json\/wp\/v2\/posts"}],"about":[{"href":"https:\/\/plazajuarez.mx\/historico\/wp-json\/wp\/v2\/types\/post"}],"author":[{"embeddable":true,"href":"https:\/\/plazajuarez.mx\/historico\/wp-json\/wp\/v2\/users\/101"}],"replies":[{"embeddable":true,"href":"https:\/\/plazajuarez.mx\/historico\/wp-json\/wp\/v2\/comments?post=178512"}],"version-history":[{"count":0,"href":"https:\/\/plazajuarez.mx\/historico\/wp-json\/wp\/v2\/posts\/178512\/revisions"}],"wp:featuredmedia":[{"embeddable":true,"href":"https:\/\/plazajuarez.mx\/historico\/wp-json\/wp\/v2\/media\/178514"}],"wp:attachment":[{"href":"https:\/\/plazajuarez.mx\/historico\/wp-json\/wp\/v2\/media?parent=178512"}],"wp:term":[{"taxonomy":"category","embeddable":true,"href":"https:\/\/plazajuarez.mx\/historico\/wp-json\/wp\/v2\/categories?post=178512"},{"taxonomy":"post_tag","embeddable":true,"href":"https:\/\/plazajuarez.mx\/historico\/wp-json\/wp\/v2\/tags?post=178512"}],"curies":[{"name":"wp","href":"https:\/\/api.w.org\/{rel}","templated":true}]}}