{"id":178509,"date":"2021-08-23T08:19:34","date_gmt":"2021-08-23T13:19:34","guid":{"rendered":"https:\/\/plazajuarez.mx\/?p=178509"},"modified":"2021-08-23T08:19:47","modified_gmt":"2021-08-23T13:19:47","slug":"analizan-entornos-como-parte-del-proyecto-caminito-de-la-escuela","status":"publish","type":"post","link":"https:\/\/plazajuarez.mx\/historico\/analizan-entornos-como-parte-del-proyecto-caminito-de-la-escuela\/","title":{"rendered":"Analizan entornos como parte del Proyecto \u201cCaminito de la Escuela\u201d"},"content":{"rendered":"\n<p>En entrevista para <em>Diario Plaza Ju\u00e1rez<\/em>, Luis Licona, integrante de Revoluci\u00f3n Urbana, explic\u00f3 que est\u00e1n desarrollando el proyecto \u201cCaminito de la escuela\u201d, una iniciativa de \u201cLiga Peatonal\u201d: <strong>\u201c<\/strong>nos inscribimos en la convocatoria y ganamos; ahorita estamos desarrollando unos an\u00e1lisis en algunos entornos para que los entornos sean m\u00e1s amigables con los ni\u00f1os y con los que caminan hac\u00eda sus escuelas.\u201d<\/p>\n\n\n\n<p>Detall\u00f3 que \u201cLiga Peatonal\u201d lanz\u00f3 una convocatoria, ellos enviaron una propuesta de trabajo y fueron seleccionados junto a otras cinco ciudades: Colima, Ensenada, Tijuana, Villahermosa y Culiac\u00e1n. Despu\u00e9s de ser notificados de la selecci\u00f3n les dieron una pl\u00e1tica y capacitaci\u00f3n sobre c\u00f3mo implementar \u201cCaminito de la Escuela\u201d.<\/p>\n\n\n\n<p>Especific\u00f3 que por el momento tienen planeado intervenir en dos entornos, pero esperan que en un futuro se involucren m\u00e1s. Uno es la Primar\u00eda Miguel Alem\u00e1n \u201cporque es un punto donde hay vialidades principales, Avenida Revoluci\u00f3n, Avenida Madero y el Viaducto; y en La Raza, donde hay primaria, secundaria y k\u00ednder: \u201clo escogimos porque tambi\u00e9n queremos que los proyectos que desarrollemos no solo sean del primer cuadro de la ciudad, tambi\u00e9n en las periferias\u201d.&nbsp;<\/p>\n\n\n\n<p>Indic\u00f3 que se encuentran en el proceso de evaluaci\u00f3n de los entornos: \u201cestamos analizando las deficiencias que tienen respecto a las banquetas, respecto a los sem\u00e1foros peatonales, respecto a las vueltas continuas a los autos, respecto por ejemplo, a los incidentes viales que hay en las escuelas\u201d. Posterior a ello intervendr\u00e1n para mejorar las situaciones para los peatones, \u201cen especial para ni\u00f1os y ni\u00f1as, que est\u00e1n muy invisibilizados\u201d.<\/p>\n\n\n\n<p>Finaliz\u00f3 comentando que sus proyectos futuros est\u00e1n inclinados al urbanismo t\u00e1ctico, y que buscar\u00e1n espacios donde haya libros, y las personas puedan tomar uno o donarlos. Se busca \u201cdarle vida al espacio p\u00fablico, que la gente vea a la calle como una extensi\u00f3n de sus casas para que ellos puedan salir y se apropien de manera positiva, y que las calles ya dejen de ser como un lugar olvidado, que sea un lugar convivencia\u201d.<\/p>\n","protected":false},"excerpt":{"rendered":"<p>En entrevista para Diario Plaza Ju\u00e1rez, Luis Licona, integrante de Revoluci\u00f3n Urbana, explic\u00f3 que est\u00e1n desarrollando el proyecto \u201cCaminito de la escuela\u201d, una iniciativa de \u201cLiga Peatonal\u201d: \u201cnos inscribimos en la convocatoria y ganamos; ahorita estamos desarrollando unos an\u00e1lisis en algunos entornos para que los entornos sean m\u00e1s amigables con los ni\u00f1os y con los [&hellip;]<\/p>\n","protected":false},"author":101,"featured_media":178510,"comment_status":"closed","ping_status":"closed","sticky":false,"template":"","format":"standard","meta":{"footnotes":""},"categories":[59,2159],"tags":[],"class_list":["post-178509","post","type-post","status-publish","format-standard","has-post-thumbnail","hentry","category-general","category-noticias-de-hidalgo"],"_links":{"self":[{"href":"https:\/\/plazajuarez.mx\/historico\/wp-json\/wp\/v2\/posts\/178509","targetHints":{"allow":["GET"]}}],"collection":[{"href":"https:\/\/plazajuarez.mx\/historico\/wp-json\/wp\/v2\/posts"}],"about":[{"href":"https:\/\/plazajuarez.mx\/historico\/wp-json\/wp\/v2\/types\/post"}],"author":[{"embeddable":true,"href":"https:\/\/plazajuarez.mx\/historico\/wp-json\/wp\/v2\/users\/101"}],"replies":[{"embeddable":true,"href":"https:\/\/plazajuarez.mx\/historico\/wp-json\/wp\/v2\/comments?post=178509"}],"version-history":[{"count":0,"href":"https:\/\/plazajuarez.mx\/historico\/wp-json\/wp\/v2\/posts\/178509\/revisions"}],"wp:featuredmedia":[{"embeddable":true,"href":"https:\/\/plazajuarez.mx\/historico\/wp-json\/wp\/v2\/media\/178510"}],"wp:attachment":[{"href":"https:\/\/plazajuarez.mx\/historico\/wp-json\/wp\/v2\/media?parent=178509"}],"wp:term":[{"taxonomy":"category","embeddable":true,"href":"https:\/\/plazajuarez.mx\/historico\/wp-json\/wp\/v2\/categories?post=178509"},{"taxonomy":"post_tag","embeddable":true,"href":"https:\/\/plazajuarez.mx\/historico\/wp-json\/wp\/v2\/tags?post=178509"}],"curies":[{"name":"wp","href":"https:\/\/api.w.org\/{rel}","templated":true}]}}