{"id":178505,"date":"2021-08-23T08:17:57","date_gmt":"2021-08-23T13:17:57","guid":{"rendered":"https:\/\/plazajuarez.mx\/?p=178505"},"modified":"2021-08-23T08:18:09","modified_gmt":"2021-08-23T13:18:09","slug":"buscara-el-pt-presidir-el-tercer-ano-de-la-junta-de-gobierno","status":"publish","type":"post","link":"https:\/\/plazajuarez.mx\/historico\/buscara-el-pt-presidir-el-tercer-ano-de-la-junta-de-gobierno\/","title":{"rendered":"Buscar\u00e1 el PT presidir el tercer a\u00f1o de la Junta de Gobierno"},"content":{"rendered":"\n<p>Luego de que se anunciaran los perfiles que integrar\u00e1n la 65 Legislatura de Hidalgo, todo parece indicar que la jugada que realizar\u00e1 el Partido del Trabajo (PT) ser\u00e1 regresar a su grupo al perfil de Elvia Sierra Vite qui\u00e9n se postul\u00f3 en la coalici\u00f3n Juntos Haremos Historia en Hidalgo en el espacio que encabez\u00f3 el Partido Verde Ecologista de M\u00e9xico (PVEM).<\/p>\n\n\n\n<p>Cabe destacar que no ser\u00eda la primera ocasi\u00f3n que un perfil llega al Congreso Local por un partido y al llegar a ocupar la curul se registra con la bancada de otro, en la 64 Legislatura, Jajaira Aceves Calva lleg\u00f3 entre las curules que le correspond\u00edan al Partido Nueva Alianza (PNA) pero al final se registr\u00f3 con el Partido Encuentro Social (PES) y asumi\u00f3 la funci\u00f3n de coordinadora de bancada.&nbsp;<\/p>\n\n\n\n<p>De acuerdo con algunas publicaciones compartidas por militantes del Partido del trabajo (PT) la situaci\u00f3n antes descrita podr\u00eda replicarse en la 65 Legislatura y Elvia Sierra Vite junto con sus compa\u00f1eros de bancada: Edgar Hern\u00e1ndez Da\u00f1\u00fa, Tania Vald\u00e9z Cuellar y Jes\u00fas Osiris Leines Medecigo, conformar\u00edan la tercera fuerza pol\u00edtica en el Congreso Local.<\/p>\n\n\n\n<p>De igual forma ha trascendido desde el interior del partido el inter\u00e9s que se tiene en que el PT tenga cuatro diputados ya que con esto estar\u00eda por encima del PVEM y tendr\u00eda acceso por un a\u00f1o a presidir la Junta de Gobierno ya que el partido del Movimiento de Regeneraci\u00f3n Nacional (Morena) tendr\u00e1 12 curules, seguido del Partido Revolucionario Institucional (PRI) con ocho y el PT cuatro.<\/p>\n\n\n\n<p>En seguida estar\u00edan: el PVEM y el Partido Nueva Alianza Hidalgo (PNAH) el primero se quedar\u00eda s\u00f3lo con dos tras la ausencia de Elvia Sierra Vite y el segundo tendr\u00eda las dos curules obtenidas en la elecci\u00f3n; mientras que el Partido Acci\u00f3n Nacional (PAN) y el Partido de la Revoluci\u00f3n Democr\u00e1tica (PRD) se quedar\u00edan con una cada uno.&nbsp;<\/p>\n\n\n\n<p>Finalmente cabe destacar que al menos dos perfiles que ocupar\u00e1n curules del PT en el Congreso Local el de&nbsp; Elvia Sierra Vite y Jes\u00fas Osiris Leines Medecigo, est\u00e1n presuntamente vinculados al denominado \u201cGrupo Universidad\u201d, grupo pol\u00edtico que postul\u00f3 perfiles con otros partidos pol\u00edticos tambi\u00e9n.<\/p>\n","protected":false},"excerpt":{"rendered":"<p>Luego de que se anunciaran los perfiles que integrar\u00e1n la 65 Legislatura de Hidalgo, todo parece indicar que la jugada que realizar\u00e1 el Partido del Trabajo (PT) ser\u00e1 regresar a su grupo al perfil de Elvia Sierra Vite qui\u00e9n se postul\u00f3 en la coalici\u00f3n Juntos Haremos Historia en Hidalgo en el espacio que encabez\u00f3 el [&hellip;]<\/p>\n","protected":false},"author":72,"featured_media":178506,"comment_status":"closed","ping_status":"closed","sticky":false,"template":"","format":"standard","meta":{"footnotes":""},"categories":[59],"tags":[],"class_list":["post-178505","post","type-post","status-publish","format-standard","has-post-thumbnail","hentry","category-general"],"_links":{"self":[{"href":"https:\/\/plazajuarez.mx\/historico\/wp-json\/wp\/v2\/posts\/178505","targetHints":{"allow":["GET"]}}],"collection":[{"href":"https:\/\/plazajuarez.mx\/historico\/wp-json\/wp\/v2\/posts"}],"about":[{"href":"https:\/\/plazajuarez.mx\/historico\/wp-json\/wp\/v2\/types\/post"}],"author":[{"embeddable":true,"href":"https:\/\/plazajuarez.mx\/historico\/wp-json\/wp\/v2\/users\/72"}],"replies":[{"embeddable":true,"href":"https:\/\/plazajuarez.mx\/historico\/wp-json\/wp\/v2\/comments?post=178505"}],"version-history":[{"count":0,"href":"https:\/\/plazajuarez.mx\/historico\/wp-json\/wp\/v2\/posts\/178505\/revisions"}],"wp:featuredmedia":[{"embeddable":true,"href":"https:\/\/plazajuarez.mx\/historico\/wp-json\/wp\/v2\/media\/178506"}],"wp:attachment":[{"href":"https:\/\/plazajuarez.mx\/historico\/wp-json\/wp\/v2\/media?parent=178505"}],"wp:term":[{"taxonomy":"category","embeddable":true,"href":"https:\/\/plazajuarez.mx\/historico\/wp-json\/wp\/v2\/categories?post=178505"},{"taxonomy":"post_tag","embeddable":true,"href":"https:\/\/plazajuarez.mx\/historico\/wp-json\/wp\/v2\/tags?post=178505"}],"curies":[{"name":"wp","href":"https:\/\/api.w.org\/{rel}","templated":true}]}}