{"id":1784,"date":"2015-03-05T06:00:00","date_gmt":"2015-03-05T06:00:00","guid":{"rendered":"http:\/\/plazajuarez.mx\/index\/index.php\/2015\/03\/05\/adamari-ya-es-mama\/"},"modified":"2015-03-05T06:00:00","modified_gmt":"2015-03-05T06:00:00","slug":"adamari-ya-es-mama","status":"publish","type":"post","link":"https:\/\/plazajuarez.mx\/historico\/adamari-ya-es-mama\/","title":{"rendered":"Adamari ya es mam\u00e1"},"content":{"rendered":"<p>Lleg\u00f3 al mundo y sus padres no podr\u00edan estar m\u00e1s contentos.<\/p>\n<p>  <!--more-->  <\/p>\n<p>\u00a0<\/p>\n<p>La actriz Adamari L\u00f3pez anunci\u00f3 ayer por la ma\u00f1ana que dio a luz a su unig\u00e9nita Ala\u00efa, producto de su relaci\u00f3n con el bailar\u00edn Toni Costa.<\/p>\n<p>En su anuncio, la animadora de &#8220;Un nuevo d\u00eda&#8221; (Telemundo) coment\u00f3 que &#8220;el tiempo de Dios es perfecto&#8221;. Tanto ella como su pareja agradecieron el apoyo del p\u00fablico y tratan de crear un movimiento de uni\u00f3n y amor con el hashtag #todossomost\u00edos.<\/p>\n<p>La ces\u00e1rea estaba pautada para el 24 de marzo, sin embargo, se desconoce si fue adelantada o fue un parto natural.<\/p>\n<p>Sabiendo que su amada Adamari dar\u00eda a luz, Toni Costa public\u00f3 una imagen el lunes mientras liberaba el estr\u00e9s y se relajaba en el gimnasio.<\/p>\n","protected":false},"excerpt":{"rendered":"<p>Lleg\u00f3 al mundo y sus padres no podr\u00edan estar m\u00e1s contentos.<\/p>\n","protected":false},"author":93,"featured_media":0,"comment_status":"open","ping_status":"open","sticky":false,"template":"","format":"standard","meta":{"footnotes":""},"categories":[38],"tags":[],"class_list":["post-1784","post","type-post","status-publish","format-standard","hentry","category-show"],"_links":{"self":[{"href":"https:\/\/plazajuarez.mx\/historico\/wp-json\/wp\/v2\/posts\/1784","targetHints":{"allow":["GET"]}}],"collection":[{"href":"https:\/\/plazajuarez.mx\/historico\/wp-json\/wp\/v2\/posts"}],"about":[{"href":"https:\/\/plazajuarez.mx\/historico\/wp-json\/wp\/v2\/types\/post"}],"author":[{"embeddable":true,"href":"https:\/\/plazajuarez.mx\/historico\/wp-json\/wp\/v2\/users\/93"}],"replies":[{"embeddable":true,"href":"https:\/\/plazajuarez.mx\/historico\/wp-json\/wp\/v2\/comments?post=1784"}],"version-history":[{"count":0,"href":"https:\/\/plazajuarez.mx\/historico\/wp-json\/wp\/v2\/posts\/1784\/revisions"}],"wp:attachment":[{"href":"https:\/\/plazajuarez.mx\/historico\/wp-json\/wp\/v2\/media?parent=1784"}],"wp:term":[{"taxonomy":"category","embeddable":true,"href":"https:\/\/plazajuarez.mx\/historico\/wp-json\/wp\/v2\/categories?post=1784"},{"taxonomy":"post_tag","embeddable":true,"href":"https:\/\/plazajuarez.mx\/historico\/wp-json\/wp\/v2\/tags?post=1784"}],"curies":[{"name":"wp","href":"https:\/\/api.w.org\/{rel}","templated":true}]}}