{"id":178369,"date":"2021-08-22T07:35:02","date_gmt":"2021-08-22T12:35:02","guid":{"rendered":"https:\/\/plazajuarez.mx\/?p=178369"},"modified":"2021-08-22T07:35:16","modified_gmt":"2021-08-22T12:35:16","slug":"en-modalidad-virtual-manana-arranca-la-semana-mujer-mipyme","status":"publish","type":"post","link":"https:\/\/plazajuarez.mx\/historico\/en-modalidad-virtual-manana-arranca-la-semana-mujer-mipyme\/","title":{"rendered":"En modalidad virtual, ma\u00f1ana arranca la \u201cSemana Mujer MiPYME\u201d"},"content":{"rendered":"\n<p>Ma\u00f1ana dar\u00e1 inicio, de manera virtual, la \u201cSemana Mujer MIPyME\u201d, en la cual habr\u00e1 conferencias y mesas de debate desde este lunes hasta el viernes 27 de agosto.&nbsp;<\/p>\n\n\n\n<p>Las interesadas en acceder a cada una de las actividades deber\u00e1n registrarse en la p\u00e1gina <a href=\"http:\/\/semanamujermipyme.hidalgo.gob.mx\/\">http:\/\/semanamujermipyme.hidalgo.gob.mx\/<\/a>.&nbsp;<\/p>\n\n\n\n<p>La Secretar\u00eda de Desarrollo Econ\u00f3mico (SEDECO) del estado de Hidalgo, inform\u00f3 que este proyecto busca impulsar el crecimiento de las mujeres y emprendedoras hidalguenses.&nbsp;<\/p>\n\n\n\n<p>A las 9:00 de la ma\u00f1ana ser\u00e1 la inauguraci\u00f3n; a la 10:00, se impartir\u00e1 la conferencia magistral \u201cLa importancia de crear m\u00faltiples fuentes de ingreso\u201d a cargo de Estrella Veloz, cantante y coach financiera; a las 11:00 estar\u00e1 la conferencia \u201cEl poder de tu historia\u201d con Claudia Vargas Trejo, Directora General de INFOSOMEX; a las 12:00 presentar\u00e1n la conferencia magistral \u201cLos siete pasos para negociar el \u00e9xito\u201d de Gisel Castillo, Directora Ejecutiva de Meet Business:&nbsp;<\/p>\n\n\n\n<p>A la 1:00 estar\u00e1 la conferencia \u201cHerramientas y oportunidades: lo que las PyMES necesitan para crecer\u201d por parte de Ana L\u00f3pez Mestre, Vicepresidenta Ejecutiva y directora General de American Chamber of Commerce of Mexico (AmCham\/Mexico).&nbsp;<\/p>\n\n\n\n<p>A las 2:00, \u00darsula Quijano, Directora comercial y Socia en Victoria147 dar\u00e1 la conferencia \u201cEmprender con prop\u00f3sito\u201d y se cerrar\u00e1n las actividades de este d\u00eda con las conferencia \u201cCuando tu pasi\u00f3n se convierte en tu negocio\u201d por parte de Tanya Moss, CDO Chief Design Officer de Tanya Moss, S.A de C.V.&nbsp;<\/p>\n","protected":false},"excerpt":{"rendered":"<p>Ma\u00f1ana dar\u00e1 inicio, de manera virtual, la \u201cSemana Mujer MIPyME\u201d, en la cual habr\u00e1 conferencias y mesas de debate desde este lunes hasta el viernes 27 de agosto.&nbsp; Las interesadas en acceder a cada una de las actividades deber\u00e1n registrarse en la p\u00e1gina http:\/\/semanamujermipyme.hidalgo.gob.mx\/.&nbsp; La Secretar\u00eda de Desarrollo Econ\u00f3mico (SEDECO) del estado de Hidalgo, inform\u00f3 [&hellip;]<\/p>\n","protected":false},"author":101,"featured_media":178383,"comment_status":"closed","ping_status":"closed","sticky":false,"template":"","format":"standard","meta":{"footnotes":""},"categories":[15,59],"tags":[],"class_list":["post-178369","post","type-post","status-publish","format-standard","has-post-thumbnail","hentry","category-destacadas","category-general"],"_links":{"self":[{"href":"https:\/\/plazajuarez.mx\/historico\/wp-json\/wp\/v2\/posts\/178369","targetHints":{"allow":["GET"]}}],"collection":[{"href":"https:\/\/plazajuarez.mx\/historico\/wp-json\/wp\/v2\/posts"}],"about":[{"href":"https:\/\/plazajuarez.mx\/historico\/wp-json\/wp\/v2\/types\/post"}],"author":[{"embeddable":true,"href":"https:\/\/plazajuarez.mx\/historico\/wp-json\/wp\/v2\/users\/101"}],"replies":[{"embeddable":true,"href":"https:\/\/plazajuarez.mx\/historico\/wp-json\/wp\/v2\/comments?post=178369"}],"version-history":[{"count":0,"href":"https:\/\/plazajuarez.mx\/historico\/wp-json\/wp\/v2\/posts\/178369\/revisions"}],"wp:featuredmedia":[{"embeddable":true,"href":"https:\/\/plazajuarez.mx\/historico\/wp-json\/wp\/v2\/media\/178383"}],"wp:attachment":[{"href":"https:\/\/plazajuarez.mx\/historico\/wp-json\/wp\/v2\/media?parent=178369"}],"wp:term":[{"taxonomy":"category","embeddable":true,"href":"https:\/\/plazajuarez.mx\/historico\/wp-json\/wp\/v2\/categories?post=178369"},{"taxonomy":"post_tag","embeddable":true,"href":"https:\/\/plazajuarez.mx\/historico\/wp-json\/wp\/v2\/tags?post=178369"}],"curies":[{"name":"wp","href":"https:\/\/api.w.org\/{rel}","templated":true}]}}