{"id":178368,"date":"2021-08-22T07:34:03","date_gmt":"2021-08-22T12:34:03","guid":{"rendered":"https:\/\/plazajuarez.mx\/?p=178368"},"modified":"2021-08-22T07:34:13","modified_gmt":"2021-08-22T12:34:13","slug":"saldo-blanco-en-hidalgo-tras-paso-de-grace","status":"publish","type":"post","link":"https:\/\/plazajuarez.mx\/historico\/saldo-blanco-en-hidalgo-tras-paso-de-grace\/","title":{"rendered":"Saldo blanco en Hidalgo, tras paso de \u201cGrace\u201d"},"content":{"rendered":"\n<p><strong><em>Reportaje por: ANA LUISA VEGA \/ OSCAR RA\u00daL P\u00c9REZ CABRERA \/ KARINA MART\u00cdNEZ RES\u00c9NDIZ<\/em><\/strong><\/p>\n\n\n\n<p>El titular de la Secretar\u00eda de Gobierno de Hidalgo, Sim\u00f3n Vargas Aguilar anunci\u00f3 anoche que tras el paso del Hurac\u00e1n categor\u00eda dos &#8220;Grace&#8221;, la entidad se declara con saldo blanco, es decir, sin p\u00e9rdidas humanas que lamentar.<\/p>\n\n\n\n<p>En conferencia de prensa virtual, detall\u00f3 que de los 293 refugios temporales existentes en el estado, solamente cuatro fueron activados; sentenci\u00f3 que por instrucciones del gobernador del estado, Omar Fayad Meneses, el Comit\u00e9 Estatal de Emergencias continuar\u00e1 en sesi\u00f3n permanente durante las pr\u00f3ximas 24 horas.<\/p>\n\n\n\n<p>Por su parte, el Secretario de Obras P\u00fablicas y Ordenamiento Territorial (SOPOT), Jos\u00e9 Ventuea Meneses Arrieta, se\u00f1al\u00f3 que derivado de los recorridos realizados por los 84 municipios, las zonas m\u00e1s afectadas fueron la Sierra Baja, Alta, Gorda, Otom\u00ed-Tepehua, Metztitl\u00e1n, Tlanchinol, Huazalingo, Huehuetla, San Bartolo, la zona metropolitana de Hidalgo, el Valle de Tulancingo y Cuautepec.<\/p>\n\n\n\n<p>En su reporte, el coordinador general del C5i, Ricardo Reyes Monzalvo, indic\u00f3 que recibieron 136 llamadas al n\u00famero 911, principalmente de Pachuca, Mineral de la Reforma, Zacualtip\u00e1n y Tulancingo.<\/p>\n\n\n\n<figure class=\"wp-block-image size-full is-resized\"><img loading=\"lazy\" decoding=\"async\" src=\"https:\/\/plazajuarez.mx\/historico\/historico\/wp-content\/uploads\/2021\/08\/EN-PACHUCA-Grace-su-paso-por-la-Bella-Airosa-Cortesia.jpg\" alt=\"\" class=\"wp-image-178380\" width=\"840\" height=\"840\" srcset=\"https:\/\/plazajuarez.mx\/historico\/wp-content\/uploads\/2021\/08\/EN-PACHUCA-Grace-su-paso-por-la-Bella-Airosa-Cortesia.jpg 720w, https:\/\/plazajuarez.mx\/historico\/wp-content\/uploads\/2021\/08\/EN-PACHUCA-Grace-su-paso-por-la-Bella-Airosa-Cortesia-36x36.jpg 36w\" sizes=\"auto, (max-width: 840px) 100vw, 840px\" \/><figcaption>Foto: Cortes\u00eda<\/figcaption><\/figure>\n\n\n\n<p>Asimismo en su mensaje, Ruben Armendaris, subdirector t\u00e9cnico de Conagua en Hidalgo, asever\u00f3 que afortunadamente los servicios de agua potable y saneamiento no se vieron afectados; y la presa La Esperanza tuvo un comportamiento favorable, pese a que los umbrales de mil\u00edmetros de lluvia se vieron rebasados.<\/p>\n\n\n\n<p>Por lo anterior y con base en los reportes generados por canales oficiales de gobierno del estado, el paso del hurac\u00e1n \u201cGrace\u201d por la entidad, dej\u00f3 como principales afectaciones las de tipo urbano, es decir, inundaciones y encharcamientos, de tal manera que el saldo es blanco.<\/p>\n\n\n\n<p>De acuerdo con la subsecretar\u00eda de Protecci\u00f3n Civil y Gesti\u00f3n de Riesgos de Gobierno del estado, en punto de las 4:00 de la ma\u00f1ana del s\u00e1bado, \u201cGrace\u201d entr\u00f3 a la entidad como categor\u00eda 2 en la escala Saffir-Simpson, su centro se localiz\u00f3 en el norte de Puebla, en tierra a 75 kil\u00f3metros al suroeste de Tulancingo y a 110 kil\u00f3metros al oeste-suroeste de Pachuca.<\/p>\n\n\n\n<p>Para atender las afectaciones producidas, el gobernador del estado Omar Fayad Meneses public\u00f3 en redes sociales: \u201cestamos trabajando coordinados con el Gobierno de M\u00e9xico y he girado instrucciones a las dependencias del Gobierno de Hidalgo para salvaguardar la integridad y patrimonio de las familias\u201d.<\/p>\n\n\n\n<p>Asimismo, cit\u00f3: \u201ca trav\u00e9s del C5i estamos brindando atenci\u00f3n en el 911, en la SOPOT se trabaja con la liberaci\u00f3n de drenajes y seguridad p\u00fablica est\u00e1 monitoreando con videovigilancia y mediante patrullajes\u201d.<\/p>\n\n\n\n<p><strong>SOPLARON LOS VIENTOS DE \u201cGRACE\u201d, EN HIDALGO<\/strong><\/p>\n\n\n\n<p>Luego de las advertencias que los tres \u00f3rdenes de gobierno emitieron en Hidalgo sobre el paso del hurac\u00e1n \u201cGrace\u201d, la tormenta que se pronostic\u00f3 comenz\u00f3 en la madrugada de ayer, el aire y la lluvia hicieron de las suyas mientras gran parte de la poblaci\u00f3n dorm\u00eda, no as\u00ed con aquellos que habitan colonias que se anunciaron como posibles focos de inundaciones.<\/p>\n\n\n\n<p>El amanecer fue gris, en la calle adem\u00e1s de lluvia se percib\u00eda el olor de las carnitas que estaba cocinando el vecino de la calle Iztacc\u00edhuatl en la colonia San Cayetano, los negocios permanec\u00edan cerrados y aunque se advirti\u00f3 sobre el \u201cquedarse\u201d en casa, en las calles y paradas de transporte p\u00fablico se percib\u00eda movimiento, aunque no como el habitual para ser s\u00e1bado.<\/p>\n\n\n\n<p>El se\u00f1or que pone su puesto de atoles y tamales bajo el puente peatonal no estaba ah\u00ed. Al igual que muchos comerciantes que pudieron no salir a laborar, el de los tamales no se desma\u00f1an\u00f3 en medio de una tormenta para ver si vend\u00eda algo, aunque lo m\u00e1s seguro es que hubiera acabado todo, ya que aunque poca, s\u00ed hubo gente en ese lugar.<\/p>\n\n\n\n<p>\u201cA uno no le queda m\u00e1s que salir y ahorita es cuando tenemos m\u00e1s gente\u201d, dijo un taxista que se lamenta por no poder quedarse en casa, pero por otra parte, buscaba \u201caprovechar\u201d la oportunidad de tener m\u00e1s clientes durante el d\u00eda.<\/p>\n\n\n\n<p>Por su parte, el transporte p\u00fablico disminuy\u00f3 su flujo considerablemente, por lo general el servicio fue usado por aquellas personas que tuvieron que acudir a trabajar sin importar las condiciones clim\u00e1ticas y muchas veces tampoco las condiciones laborales, como dice la se\u00f1ora que comparte la ruta Colosio-Guadalupe: \u201ccasi no hay trabajo y si no cuidamos el que tenemos nos quedamos sin dinero\u201d.<\/p>\n\n\n\n<p>Conforme transcurri\u00f3 la ma\u00f1ana, la tormenta que comenz\u00f3 en la madrugada se disip\u00f3 y dej\u00f3 algunas colonias con afectaciones, sobre todo, encharcamientos. La lluvia se reanud\u00f3 horas despu\u00e9s, los negocios del centro se sumaron a los de las colonias pachuque\u00f1as que abrieron para atender a sus clientes y la circulaci\u00f3n de autos se hizo m\u00e1s fluida.<\/p>\n\n\n\n<p><strong>\u201cGRACE\u201d DEJA SIN TECHO A ANIMALES<\/strong><\/p>\n\n\n\n<p>En entrevista para Diario Plaza Ju\u00e1rez, Alba Luisa Jim\u00e9nez, integrante de \u201cLa Jaur\u00eda de Bal\u00fa\u201d, detall\u00f3 que debido al hurac\u00e1n \u201cGrace\u201d, tuvieron afectaciones en este refugio que est\u00e1 ubicado en Azoyatla, en el Municipio de Mineral de la Reforma.<\/p>\n\n\n\n<p>Debido a las fuertes precipitaciones y a que el techo que tienen es de l\u00e1mina, se mojaron dos de los tres bultos de croquetas que ten\u00edan, quedando inservibles. Especific\u00f3 que se gasta un bulto de croquetas por d\u00eda para alimentar a los 47 canes que viven all\u00ed. Aparte de esto, tuvieron problemas con las protecciones de las casas: \u201clas casitas estaban cubiertas de madera, pero yo creo que por el viento, quedaron desprotegidas\u201d.<\/p>\n\n\n\n<p>Esto ocasion\u00f3 que de los 47 perros, ocho fueran reportados como desaparecidos: \u201cyo siento que como se volaron sus techos, ellos fueron a buscar otro resguardo\u201d mencion\u00f3.<\/p>\n\n\n\n<p>Debido a estas problem\u00e1ticas exhortaron a la poblaci\u00f3n que se quiera sumar, a que los apoyen con croquetas, lonas y servicio de voluntariado para ayudar a buscar a los perritos y colocar como techo las lonas.<\/p>\n\n\n\n<figure class=\"wp-block-image size-full\"><img loading=\"lazy\" decoding=\"async\" width=\"959\" height=\"720\" src=\"https:\/\/plazajuarez.mx\/historico\/historico\/wp-content\/uploads\/2021\/08\/EN-MINERAL-DE-LA-REFORMA-Huracan-Grace-afecto-a-La-Jauria-de-Balu-Facebook-La-Jauria-de-Balu.jpg\" alt=\"\" class=\"wp-image-178379\" srcset=\"https:\/\/plazajuarez.mx\/historico\/wp-content\/uploads\/2021\/08\/EN-MINERAL-DE-LA-REFORMA-Huracan-Grace-afecto-a-La-Jauria-de-Balu-Facebook-La-Jauria-de-Balu.jpg 959w, https:\/\/plazajuarez.mx\/historico\/wp-content\/uploads\/2021\/08\/EN-MINERAL-DE-LA-REFORMA-Huracan-Grace-afecto-a-La-Jauria-de-Balu-Facebook-La-Jauria-de-Balu-768x577.jpg 768w\" sizes=\"auto, (max-width: 959px) 100vw, 959px\" \/><figcaption>Foto: Facebook &#8220;La jaur\u00eda de Bal\u00fa&#8221;<\/figcaption><\/figure>\n","protected":false},"excerpt":{"rendered":"<p>Reportaje por: ANA LUISA VEGA \/ OSCAR RA\u00daL P\u00c9REZ CABRERA \/ KARINA MART\u00cdNEZ RES\u00c9NDIZ El titular de la Secretar\u00eda de Gobierno de Hidalgo, Sim\u00f3n Vargas Aguilar anunci\u00f3 anoche que tras el paso del Hurac\u00e1n categor\u00eda dos &#8220;Grace&#8221;, la entidad se declara con saldo blanco, es decir, sin p\u00e9rdidas humanas que lamentar. En conferencia de prensa [&hellip;]<\/p>\n","protected":false},"author":93,"featured_media":178381,"comment_status":"closed","ping_status":"closed","sticky":false,"template":"","format":"standard","meta":{"footnotes":""},"categories":[15,59],"tags":[],"class_list":["post-178368","post","type-post","status-publish","format-standard","has-post-thumbnail","hentry","category-destacadas","category-general"],"_links":{"self":[{"href":"https:\/\/plazajuarez.mx\/historico\/wp-json\/wp\/v2\/posts\/178368","targetHints":{"allow":["GET"]}}],"collection":[{"href":"https:\/\/plazajuarez.mx\/historico\/wp-json\/wp\/v2\/posts"}],"about":[{"href":"https:\/\/plazajuarez.mx\/historico\/wp-json\/wp\/v2\/types\/post"}],"author":[{"embeddable":true,"href":"https:\/\/plazajuarez.mx\/historico\/wp-json\/wp\/v2\/users\/93"}],"replies":[{"embeddable":true,"href":"https:\/\/plazajuarez.mx\/historico\/wp-json\/wp\/v2\/comments?post=178368"}],"version-history":[{"count":0,"href":"https:\/\/plazajuarez.mx\/historico\/wp-json\/wp\/v2\/posts\/178368\/revisions"}],"wp:featuredmedia":[{"embeddable":true,"href":"https:\/\/plazajuarez.mx\/historico\/wp-json\/wp\/v2\/media\/178381"}],"wp:attachment":[{"href":"https:\/\/plazajuarez.mx\/historico\/wp-json\/wp\/v2\/media?parent=178368"}],"wp:term":[{"taxonomy":"category","embeddable":true,"href":"https:\/\/plazajuarez.mx\/historico\/wp-json\/wp\/v2\/categories?post=178368"},{"taxonomy":"post_tag","embeddable":true,"href":"https:\/\/plazajuarez.mx\/historico\/wp-json\/wp\/v2\/tags?post=178368"}],"curies":[{"name":"wp","href":"https:\/\/api.w.org\/{rel}","templated":true}]}}