{"id":178361,"date":"2021-08-21T18:42:33","date_gmt":"2021-08-21T23:42:33","guid":{"rendered":"https:\/\/plazajuarez.mx\/?p=178361"},"modified":"2021-08-21T18:42:46","modified_gmt":"2021-08-21T23:42:46","slug":"comercios-de-slp-podran-abrir-a-partir-del-29-de-agosto-canaco","status":"publish","type":"post","link":"https:\/\/plazajuarez.mx\/historico\/comercios-de-slp-podran-abrir-a-partir-del-29-de-agosto-canaco\/","title":{"rendered":"Comercios de SLP podr\u00e1n abrir a partir del 29 de agosto: Canaco"},"content":{"rendered":"\n<p>Luego de que este s\u00e1bado las autoridades de Salud en el estado confirmaron que San Luis Potos\u00ed permanecer\u00e1 dos semanas m\u00e1s en sem\u00e1foro naranja, el presidente local de la C\u00e1mara Nacional de Comercio, Servicios y Turismo (Canaco-Servytur), Juan Servando Branca, inform\u00f3 que a partir del domingo 29 de agosto los comercios establecidos podr\u00e1n abrir sus puertas.<\/p>\n\n\n\n<p>Detall\u00f3 que en coordinaci\u00f3n con el Comit\u00e9 de Salud se acord\u00f3 que este fin de semana se mantendr\u00e1n las restricciones de cerrar todo tipo de establecimientos durante el domingo, esto con la finalidad de reducir la movilidad.<\/p>\n\n\n\n<p>Branca Guti\u00e9rrez record\u00f3 que desde hace semanas se lograron pl\u00e1ticas y mesas de trabajo por parte de Canaco y Nuestro Centro con las autoridades de la Comisi\u00f3n Estatal de Protecci\u00f3n contra Riesgos Sanitarios (Coepris) y de la Secretar\u00eda de Salud estatal, a quienes se les solicit\u00f3 que se les permitiera abrir los domingos al ser el terciario uno de los sectores m\u00e1s afectados econ\u00f3micamente.<\/p>\n\n\n\n<p>Ante la apertura de reanudar las actividades del domingo a partir del pr\u00f3ximo 29 de agosto, dijo que el compromiso de parte del sector comercial es redoblar los protocolos sanitarios y respetar el aforo permitido en cada uno de los negocios y la sana distancia, as\u00ed como el uso obligatorio de cubrebocas, que lo porten adecuadamente, y la utilizaci\u00f3n de gel antibacterial.<\/p>\n\n\n\n<p>Finalmente, se\u00f1al\u00f3 que se espera una colaboraci\u00f3n y empat\u00eda por parte de todos los sectores econ\u00f3micos, as\u00ed como poder revertir lo antes posible las cadenas de contagio y sumar a un mayor n\u00famero de nichos comerciales lo antes posible, que en esta ocasi\u00f3n se declararon en el rubro de actividades suspendidas, pero que en medida que se vayan logrando los objetivos y los n\u00fameros positivos se pueden reactivar gradualmente, pues la afectaci\u00f3n ha sido generalizada estos 17 meses que han transcurrido desde que inici\u00f3 la contingencia.<\/p>\n","protected":false},"excerpt":{"rendered":"<p>Luego de que este s\u00e1bado las autoridades de Salud en el estado confirmaron que San Luis Potos\u00ed permanecer\u00e1 dos semanas m\u00e1s en sem\u00e1foro naranja, el presidente local de la C\u00e1mara Nacional de Comercio, Servicios y Turismo (Canaco-Servytur), Juan Servando Branca, inform\u00f3 que a partir del domingo 29 de agosto los comercios establecidos podr\u00e1n abrir sus [&hellip;]<\/p>\n","protected":false},"author":81,"featured_media":151846,"comment_status":"closed","ping_status":"closed","sticky":false,"template":"","format":"standard","meta":{"footnotes":""},"categories":[36,2163],"tags":[],"class_list":["post-178361","post","type-post","status-publish","format-standard","has-post-thumbnail","hentry","category-nacion","category-noticias-de-slp"],"_links":{"self":[{"href":"https:\/\/plazajuarez.mx\/historico\/wp-json\/wp\/v2\/posts\/178361","targetHints":{"allow":["GET"]}}],"collection":[{"href":"https:\/\/plazajuarez.mx\/historico\/wp-json\/wp\/v2\/posts"}],"about":[{"href":"https:\/\/plazajuarez.mx\/historico\/wp-json\/wp\/v2\/types\/post"}],"author":[{"embeddable":true,"href":"https:\/\/plazajuarez.mx\/historico\/wp-json\/wp\/v2\/users\/81"}],"replies":[{"embeddable":true,"href":"https:\/\/plazajuarez.mx\/historico\/wp-json\/wp\/v2\/comments?post=178361"}],"version-history":[{"count":0,"href":"https:\/\/plazajuarez.mx\/historico\/wp-json\/wp\/v2\/posts\/178361\/revisions"}],"wp:featuredmedia":[{"embeddable":true,"href":"https:\/\/plazajuarez.mx\/historico\/wp-json\/wp\/v2\/media\/151846"}],"wp:attachment":[{"href":"https:\/\/plazajuarez.mx\/historico\/wp-json\/wp\/v2\/media?parent=178361"}],"wp:term":[{"taxonomy":"category","embeddable":true,"href":"https:\/\/plazajuarez.mx\/historico\/wp-json\/wp\/v2\/categories?post=178361"},{"taxonomy":"post_tag","embeddable":true,"href":"https:\/\/plazajuarez.mx\/historico\/wp-json\/wp\/v2\/tags?post=178361"}],"curies":[{"name":"wp","href":"https:\/\/api.w.org\/{rel}","templated":true}]}}