{"id":178358,"date":"2021-08-21T18:27:01","date_gmt":"2021-08-21T23:27:01","guid":{"rendered":"https:\/\/plazajuarez.mx\/?p=178358"},"modified":"2021-08-21T18:29:45","modified_gmt":"2021-08-21T23:29:45","slug":"si-lo-acusan-y-es-inocente-que-no-huya-lopez-obrador-a-ricardo-anaya","status":"publish","type":"post","link":"https:\/\/plazajuarez.mx\/historico\/si-lo-acusan-y-es-inocente-que-no-huya-lopez-obrador-a-ricardo-anaya\/","title":{"rendered":"Si lo acusan y es inocente que no huya: L\u00f3pez Obrador a Ricardo Anaya"},"content":{"rendered":"\n<p>El presidente Andr\u00e9s Manuel L\u00f3pez Obrador afirm\u00f3 que no tiene nada que ver con la presunta investigaci\u00f3n que acusa Ricardo Anaya Cort\u00e9s y si el panista es inocente como presumen que no huya ni se ampare.<\/p>\n\n\n\n<p>&#8220;Ya no es el tiempo de antes: puede haber pol\u00edticos presos, pero no presos pol\u00edticos&#8221;.<\/p>\n\n\n\n<p>Por medio de un mensaje en sus redes sociales, el titular del Ejecutivo dijo que si la Fiscal\u00eda General de la Rep\u00fablica y el Poder Judicial lo acusan de corrupci\u00f3n y es inocente, que no se ampare ni huya; &#8220;que se defienda con pruebas y con la fuerza de la verdad&#8221;.<\/p>\n\n\n\n<p>Esta ma\u00f1ana por medio de un video el excandiato presidencial del PAN acus\u00f3 al presidente L\u00f3pez Obrador de que lo quiere meter a la c\u00e1rcel y adelant\u00f3 que le van a iniciar un proceso judicial por las declaraciones en su contra del exdirector de Pemex, Emilio Lozoya, detenido e investigado por corrupci\u00f3n.<\/p>\n\n\n\n<p>&#8220;L\u00f3pez Obrador me quiere fregar a la mala. Le estorbo para sus planes de sucesi\u00f3n en el 2024. No quiere que yo sea candidato. Y me quiere encarcelar porque no le gusta lo que digo&#8221;, dijo<\/p>\n\n\n\n<p>El pol\u00edtico panista se\u00f1al\u00f3 que decidi\u00f3 &#8220;estar fuera una temporada breve&#8221; para evitar que le quiten sus derechos pol\u00edticos y con ello la posibilidad de ser candidato en 2024.<\/p>\n\n\n\n<p>En un mensaje en sus redes sociales, el presidente L\u00f3pez Obrador rechaz\u00f3 la supuesta persecuci\u00f3n de la cual lo acusa Anaya.<\/p>\n\n\n\n<p>&#8220;No es mi fuerte la venganza&#8221;, dijo.<\/p>\n","protected":false},"excerpt":{"rendered":"<p>El presidente Andr\u00e9s Manuel L\u00f3pez Obrador afirm\u00f3 que no tiene nada que ver con la presunta investigaci\u00f3n que acusa Ricardo Anaya Cort\u00e9s y si el panista es inocente como presumen que no huya ni se ampare. &#8220;Ya no es el tiempo de antes: puede haber pol\u00edticos presos, pero no presos pol\u00edticos&#8221;. Por medio de un [&hellip;]<\/p>\n","protected":false},"author":81,"featured_media":160117,"comment_status":"closed","ping_status":"closed","sticky":false,"template":"","format":"standard","meta":{"footnotes":""},"categories":[36],"tags":[],"class_list":["post-178358","post","type-post","status-publish","format-standard","has-post-thumbnail","hentry","category-nacion"],"_links":{"self":[{"href":"https:\/\/plazajuarez.mx\/historico\/wp-json\/wp\/v2\/posts\/178358","targetHints":{"allow":["GET"]}}],"collection":[{"href":"https:\/\/plazajuarez.mx\/historico\/wp-json\/wp\/v2\/posts"}],"about":[{"href":"https:\/\/plazajuarez.mx\/historico\/wp-json\/wp\/v2\/types\/post"}],"author":[{"embeddable":true,"href":"https:\/\/plazajuarez.mx\/historico\/wp-json\/wp\/v2\/users\/81"}],"replies":[{"embeddable":true,"href":"https:\/\/plazajuarez.mx\/historico\/wp-json\/wp\/v2\/comments?post=178358"}],"version-history":[{"count":0,"href":"https:\/\/plazajuarez.mx\/historico\/wp-json\/wp\/v2\/posts\/178358\/revisions"}],"wp:featuredmedia":[{"embeddable":true,"href":"https:\/\/plazajuarez.mx\/historico\/wp-json\/wp\/v2\/media\/160117"}],"wp:attachment":[{"href":"https:\/\/plazajuarez.mx\/historico\/wp-json\/wp\/v2\/media?parent=178358"}],"wp:term":[{"taxonomy":"category","embeddable":true,"href":"https:\/\/plazajuarez.mx\/historico\/wp-json\/wp\/v2\/categories?post=178358"},{"taxonomy":"post_tag","embeddable":true,"href":"https:\/\/plazajuarez.mx\/historico\/wp-json\/wp\/v2\/tags?post=178358"}],"curies":[{"name":"wp","href":"https:\/\/api.w.org\/{rel}","templated":true}]}}