{"id":17830,"date":"2016-03-01T12:11:30","date_gmt":"2016-03-01T12:11:30","guid":{"rendered":"http:\/\/plazajuarez.mx\/index\/index.php\/2016\/03\/01\/ratifica-noe-paredes-que-su-exigencia-de-informacion-al-alcalde-la-hace-como-ciudadano\/"},"modified":"2016-03-01T12:11:30","modified_gmt":"2016-03-01T12:11:30","slug":"ratifica-noe-paredes-que-su-exigencia-de-informacion-al-alcalde-la-hace-como-ciudadano","status":"publish","type":"post","link":"https:\/\/plazajuarez.mx\/historico\/ratifica-noe-paredes-que-su-exigencia-de-informacion-al-alcalde-la-hace-como-ciudadano\/","title":{"rendered":"Ratifica No\u00e9 Paredes que su exigencia de informaci\u00f3n al Alcalde, la hace como ciudadano"},"content":{"rendered":"<p><strong>Tula de Allende<\/strong><\/p>\n<ul>\n<li><strong>Advierte que de no recibir respuesta acudir\u00e1 a la siguiente instancia<\/strong><\/li>\n<\/ul>\n<p>Se\u00f1al\u00f3 que el edil a partir de que ingreso la petici\u00f3n ten\u00eda 10 d\u00edas h\u00e1biles para contestar y que a la fecha (29 de febrero) no lo hab\u00eda hecho, de ah\u00ed que seguir\u00e1 los pasos que le marca la ley para obtener la informaci\u00f3n que como servidor p\u00fablico est\u00e1 obligado a proporcionar a la ciudadan\u00eda.<\/p>\n<p>  <!--more-->  <\/p>\n<p>\u00a0<\/p>\n<p>El empresario No\u00e9 Paredes Meza, ratific\u00f3 en conferencia de prensa que el exigir informaci\u00f3n p\u00fablica al alcalde Jaime Allende Gonz\u00e1lez, para saber el estado que guarda la administraci\u00f3n municipal tulense, es estrictamente en su car\u00e1cter de ciudadano y que de no recibir respuesta a su oficio acudir\u00e1 a la siguiente instancia.<\/p>\n<p>\u00a0<\/p>\n<p>Paredes Meza record\u00f3 que mediante oficio de fecha 11 de febrero dirigido al presidente municipal, Jaime Allende Gonz\u00e1lez, con copia al Congreso del Estado, Contralor\u00eda Estatal, y a la Auditor\u00eda Superior del Estado, solicit\u00f3 informaci\u00f3n de las \u00e1reas de Obras P\u00fablicas, Capyat, Transparencia, Deportes y Recreaci\u00f3n, Jur\u00eddica, Contralor\u00eda, Reglamentos y Espect\u00e1culos, Tesorer\u00eda y DIF local, al expresar su preocupaci\u00f3n sobre la situaci\u00f3n que enfrenta el gobierno local y que ha quedado de manifiesto en los medios de comunicaci\u00f3n y en redes sociales.<\/p>\n<p>\u00a0<\/p>\n<p>Puntualiz\u00f3 que solicit\u00f3 informaci\u00f3n respecto al proceso de operaci\u00f3n, recaudaci\u00f3n e ingresos totales del ejercicio fiscal del 2014 al 2016, as\u00ed como el nombre del encargado de operar los parqu\u00edmetros; la lista de trabajadores de confianza; el personal en general; los integrantes del Cabildo y su salario actual.<\/p>\n<p>\u00a0<\/p>\n<p>Tambi\u00e9n ha exigi\u00f3 el listado de las obras que se realizaron en el ejercicio fiscal 2013, 2015, 2015 y 2016; el monto de las mismas y qu\u00e9 constructora las realiz\u00f3; el estatus que guarda la duela de la cancha de basquetbol del gimnasio de la unidad deportiva; adem\u00e1s de que se le informe el costo total del mantenimiento de las instalaciones deportivas.<\/p>\n<p>\u00a0<\/p>\n<p>El empresario recalc\u00f3 que est\u00e1 preocupado por la apertura de nuevos bares y restaurantes bar, entre los a\u00f1os 2013 y 2016, por lo que de igual manera solicit\u00f3 la lista.<\/p>\n<p>\u00a0<\/p>\n<p>Como lo informamos oportunamente en Diario Plaza Ju\u00e1rez, No\u00e9 Paredes pidi\u00f3 informaci\u00f3n de diversas \u00e1reas, al se\u00f1alar que como ciudadano ha padecido la inseguridad, la falta de servicios municipales, la falta de infraestructura. Dijo no entender por qu\u00e9 tanta irresponsabilidad del gobierno local.<\/p>\n<p>\u00a0<\/p>\n<p>Tampoco entiende, \u201cc\u00f3mo es que no hay responsables del da\u00f1o que se ocasion\u00f3 a la duela del gimnasio\u201d. Reiter\u00f3 que como ciudadano s\u00f3lo exige que se informe si se est\u00e1 aplicando, por ejemplo el porcentaje designado a deportes y cultura. Aclar\u00f3 que no tiene ning\u00fan inter\u00e9s pol\u00edtico de participar en ninguno de los procesos.<\/p>\n<p>\u00a0<\/p>\n<p>Coment\u00f3 que solicit\u00f3 la informaci\u00f3n de manera formal, luego de que a trav\u00e9s de las redes, donde ve muy activo al s\u00edndico hacendario Javier Arana publicando fotos de que entrega apoyos, le pregunt\u00f3 sobre el costo de una obra y que en respuesta recibi\u00f3 un \u201cDios te bendiga\u201d y que al volverle a preguntar lo bloque\u00f3.<\/p>\n<p>\u00a0<\/p>\n<p>Manifest\u00f3 que los servidores p\u00fablicos deben entender que adem\u00e1s de la foto tienen responsabilidades de informar a los ciudadanos y que como ciudadano le interesa su municipio \u201cporque aqu\u00ed vivo, aqu\u00ed est\u00e1n nuestras empresas, aqu\u00ed invertimos y aqu\u00ed generamos m\u00e1s de mil 200 empleos directos\u201d.<\/p>\n<p>\u00a0<\/p>\n<p>Se\u00f1al\u00f3: \u201cyo no veo la inversi\u00f3n en capacitaci\u00f3n a los polic\u00edas, no veo obras, eso s\u00ed veo muchas mamparas, muchos premios, dicen que hicieron 800 obras, pero si el municipio necesita m\u00e1s de 3 mil entonces tienen un terrible tache\u201d.<\/p>\n<p>\u00a0<\/p>\n<p>Recalc\u00f3 que si se hicieron las 800 obras pues que se informe qui\u00e9n las hizo, cu\u00e1nto costaron y en d\u00f3nde est\u00e1n, pero que lamentablemente existe una cerraz\u00f3n, para no entregar la informaci\u00f3n. Sin embargo, si Allende Gonz\u00e1lez no accede se buscar\u00e1n otros mecanismos que marca la ley hasta lograrlo, \u201cser\u00eda rid\u00edculo si es que no entrega la informaci\u00f3n solicitada\u201d.<\/p>\n<p>\u00a0<\/p>\n<p>Por \u00faltimo, No\u00e9 Paredes Meza puntualiz\u00f3 que no est\u00e1 acusando al edil de nada, \u201cpero si de ineptitud, porque ah\u00ed est\u00e1 y se ve\u201d y que de seguir la cerraz\u00f3n de Jaime Allende har\u00e1 valer la Ley de Responsabilidades de Servidores P\u00fablicos o en su defecto recurrir\u00e1 al amparo ante un juzgado federal, pero que conf\u00eda en que la informaci\u00f3n al ser p\u00fablica se le proporcione, debido a que la ha solicitado a trav\u00e9s de los cauces legales y como un ciudadano m\u00e1s, preocupado por su municipio.<\/p>\n<p>\u00a0<\/p>\n","protected":false},"excerpt":{"rendered":"<p>Tula de Allende Advierte que de no recibir respuesta acudir\u00e1 a la siguiente instancia Se\u00f1al\u00f3 que el edil a partir de que ingreso la petici\u00f3n ten\u00eda 10 d\u00edas h\u00e1biles para contestar y que a la fecha (29 de febrero) no lo hab\u00eda hecho, de ah\u00ed que seguir\u00e1 los pasos que le marca la ley para [&hellip;]<\/p>\n","protected":false},"author":93,"featured_media":0,"comment_status":"open","ping_status":"open","sticky":false,"template":"","format":"standard","meta":{"footnotes":""},"categories":[40],"tags":[],"class_list":["post-17830","post","type-post","status-publish","format-standard","hentry","category-region"],"_links":{"self":[{"href":"https:\/\/plazajuarez.mx\/historico\/wp-json\/wp\/v2\/posts\/17830","targetHints":{"allow":["GET"]}}],"collection":[{"href":"https:\/\/plazajuarez.mx\/historico\/wp-json\/wp\/v2\/posts"}],"about":[{"href":"https:\/\/plazajuarez.mx\/historico\/wp-json\/wp\/v2\/types\/post"}],"author":[{"embeddable":true,"href":"https:\/\/plazajuarez.mx\/historico\/wp-json\/wp\/v2\/users\/93"}],"replies":[{"embeddable":true,"href":"https:\/\/plazajuarez.mx\/historico\/wp-json\/wp\/v2\/comments?post=17830"}],"version-history":[{"count":0,"href":"https:\/\/plazajuarez.mx\/historico\/wp-json\/wp\/v2\/posts\/17830\/revisions"}],"wp:attachment":[{"href":"https:\/\/plazajuarez.mx\/historico\/wp-json\/wp\/v2\/media?parent=17830"}],"wp:term":[{"taxonomy":"category","embeddable":true,"href":"https:\/\/plazajuarez.mx\/historico\/wp-json\/wp\/v2\/categories?post=17830"},{"taxonomy":"post_tag","embeddable":true,"href":"https:\/\/plazajuarez.mx\/historico\/wp-json\/wp\/v2\/tags?post=17830"}],"curies":[{"name":"wp","href":"https:\/\/api.w.org\/{rel}","templated":true}]}}