{"id":178298,"date":"2021-08-21T08:45:24","date_gmt":"2021-08-21T13:45:24","guid":{"rendered":"https:\/\/plazajuarez.mx\/?p=178298"},"modified":"2021-08-21T08:45:35","modified_gmt":"2021-08-21T13:45:35","slug":"encharcamientos-ocasionan-cierre-de-estaciones-tuzobus","status":"publish","type":"post","link":"https:\/\/plazajuarez.mx\/historico\/encharcamientos-ocasionan-cierre-de-estaciones-tuzobus\/","title":{"rendered":"Encharcamientos ocasionan cierre de estaciones Tuzob\u00fas"},"content":{"rendered":"\n<p><br>A trav\u00e9s de un comunicado el Sistema Integrado de Transporte Masivo Tuzob\u00fas inform\u00f3 que las estaciones: T\u00e9llez, Gabriel Mancera, Matilde, Efr\u00e9n Rebolledo, Tercera Edad, San Antonio, Ejercito Mexicano y Central de Autobuses est\u00e1n cerradas temporalmente por encharcamientos importantes en diferentes puntos.<\/p>\n\n\n\n<p><br>Adem\u00e1s, las Rutas Alimentadoras 16 (San Carlos\/Zona Plateada) y 14 (San Pedro Nopancalco\/E. Hospitales) est\u00e1n temporalmente sin servicio.<\/p>\n","protected":false},"excerpt":{"rendered":"<p>A trav\u00e9s de un comunicado el Sistema Integrado de Transporte Masivo Tuzob\u00fas inform\u00f3 que las estaciones: T\u00e9llez, Gabriel Mancera, Matilde, Efr\u00e9n Rebolledo, Tercera Edad, San Antonio, Ejercito Mexicano y Central de Autobuses est\u00e1n cerradas temporalmente por encharcamientos importantes en diferentes puntos. Adem\u00e1s, las Rutas Alimentadoras 16 (San Carlos\/Zona Plateada) y 14 (San Pedro Nopancalco\/E. Hospitales) [&hellip;]<\/p>\n","protected":false},"author":72,"featured_media":177490,"comment_status":"closed","ping_status":"closed","sticky":false,"template":"","format":"standard","meta":{"footnotes":""},"categories":[59],"tags":[],"class_list":["post-178298","post","type-post","status-publish","format-standard","has-post-thumbnail","hentry","category-general"],"_links":{"self":[{"href":"https:\/\/plazajuarez.mx\/historico\/wp-json\/wp\/v2\/posts\/178298","targetHints":{"allow":["GET"]}}],"collection":[{"href":"https:\/\/plazajuarez.mx\/historico\/wp-json\/wp\/v2\/posts"}],"about":[{"href":"https:\/\/plazajuarez.mx\/historico\/wp-json\/wp\/v2\/types\/post"}],"author":[{"embeddable":true,"href":"https:\/\/plazajuarez.mx\/historico\/wp-json\/wp\/v2\/users\/72"}],"replies":[{"embeddable":true,"href":"https:\/\/plazajuarez.mx\/historico\/wp-json\/wp\/v2\/comments?post=178298"}],"version-history":[{"count":0,"href":"https:\/\/plazajuarez.mx\/historico\/wp-json\/wp\/v2\/posts\/178298\/revisions"}],"wp:featuredmedia":[{"embeddable":true,"href":"https:\/\/plazajuarez.mx\/historico\/wp-json\/wp\/v2\/media\/177490"}],"wp:attachment":[{"href":"https:\/\/plazajuarez.mx\/historico\/wp-json\/wp\/v2\/media?parent=178298"}],"wp:term":[{"taxonomy":"category","embeddable":true,"href":"https:\/\/plazajuarez.mx\/historico\/wp-json\/wp\/v2\/categories?post=178298"},{"taxonomy":"post_tag","embeddable":true,"href":"https:\/\/plazajuarez.mx\/historico\/wp-json\/wp\/v2\/tags?post=178298"}],"curies":[{"name":"wp","href":"https:\/\/api.w.org\/{rel}","templated":true}]}}