{"id":178293,"date":"2021-08-21T07:15:20","date_gmt":"2021-08-21T12:15:20","guid":{"rendered":"https:\/\/plazajuarez.mx\/?p=178293"},"modified":"2021-08-21T07:15:36","modified_gmt":"2021-08-21T12:15:36","slug":"continuan-las-actividades-del-1-festival-de-fomento-a-la-lectura-y-cultura-de-hidalgo-huitzilihuitl","status":"publish","type":"post","link":"https:\/\/plazajuarez.mx\/historico\/continuan-las-actividades-del-1-festival-de-fomento-a-la-lectura-y-cultura-de-hidalgo-huitzilihuitl\/","title":{"rendered":"Contin\u00faan las actividades del 1\u00b0 Festival de Fomento a la Lectura y Cultura de Hidalgo Huitzil\u00edhuitl"},"content":{"rendered":"\n<p>Las actividades del \u201cPrimer Festival de Fomento a la Lectura y Cultura de Hidalgo, Huitzil\u00edhuitl.\u201d; que tiene por tema principal el imaginario h\u00f1\u00e4h\u00f1u; contin\u00faan en forma presencial en el municipio de Tizayuca; quien es la sede presencial del festival; y algunas en modalidad virtual. Ser\u00e1 hasta el d\u00eda de ma\u00f1ana que en las redes sociales del Fondo de Cultura Econ\u00f3mica; uno de los involucrados en la creaci\u00f3n de este proyecto; y la p\u00e1gina oficial de Facebook \u201cTiza, ciudad abierta\u201d, compartan los en vivos de las presentaciones.&nbsp;<\/p>\n\n\n\n<p>El d\u00eda de hoy a las 11:00 de la ma\u00f1ana se realizar\u00e1 \u201cCuentacuentos\u201d con Gerardo M\u00e9ndez; a las 12, la presentaci\u00f3n editorial de \u201cNosotras\/Nosotros\u201d con Ana romero y Valeria Gallo; a la 1:00 de la tarde, estar\u00e1 la presentaci\u00f3n editorial de \u201cHot&nbsp; L.A.\u201d con Altuna; a las 2:00, la presentaci\u00f3n editorial de \u201cPerras\u201d con Zel Cabrera; a las 4:\u201900, la charla \u201c\u00bfC\u00f3mo hacer literatura fant\u00e1stica? Con Medardo Maza; y a las 5:00 habr\u00e1 un juego del rol a fondo con el Samur\u00e1i.&nbsp;<\/p>\n\n\n\n<p>Ma\u00f1ana a las 10:00 se llevar\u00e1 a cabo una exposici\u00f3n de Huapangos por parte del municipio de San Salvador; a las 11:00, la presentaci\u00f3n editorial \u201cJos\u00e9 Hern\u00e1ndez Delgadillo\u201d compilado por Francisco Hern\u00e1ndez Zamora, con la participaci\u00f3n de Beatriz y Francisco Hern\u00e1ndez Zamora y la Secretar\u00eda de&nbsp; Cultura del estado de Hidalgo, quienes editaron el libro en 2018; a las 12:00 se realizar\u00e1 una ceremonia solemne; a las 12:45 la&nbsp; Entrega de Preseas a la Trayectoria y Legado a la Identidad y Cultura Huitzil\u00edhuitl ya las 12: 40 la clausura&nbsp;<\/p>\n\n\n\n<p>Son 20 municipios quienes participan con diferentes artistas pertenecientes a cada uno de ellos; entre los que se encuentran Mineral de la Reforma, Tenango de Doria, Tlahuelilpan y Zapotl\u00e1n de Ju\u00e1rez; en alguna de las 44 sedes del municipio de Tizayuca en donde se est\u00e1 llevando de forma presencial el Festival. Algunas de las actividades virtuales se est\u00e1n desarrollando en la Librer\u00eda Rosario Castellanos del Fondo de Cultura Econ\u00f3mica.<\/p>\n\n\n\n<p>El festival comprende desde presentaciones editoriales, cuentacuentos, muestras artesanales, muestra gastron\u00f3micas, eventos musicales, hasta conferencias.<\/p>\n","protected":false},"excerpt":{"rendered":"<p>Las actividades del \u201cPrimer Festival de Fomento a la Lectura y Cultura de Hidalgo, Huitzil\u00edhuitl.\u201d; que tiene por tema principal el imaginario h\u00f1\u00e4h\u00f1u; contin\u00faan en forma presencial en el municipio de Tizayuca; quien es la sede presencial del festival; y algunas en modalidad virtual. Ser\u00e1 hasta el d\u00eda de ma\u00f1ana que en las redes sociales [&hellip;]<\/p>\n","protected":false},"author":101,"featured_media":178294,"comment_status":"closed","ping_status":"closed","sticky":false,"template":"","format":"standard","meta":{"footnotes":""},"categories":[41,59,2159],"tags":[],"class_list":["post-178293","post","type-post","status-publish","format-standard","has-post-thumbnail","hentry","category-arteria-cultural","category-general","category-noticias-de-hidalgo"],"_links":{"self":[{"href":"https:\/\/plazajuarez.mx\/historico\/wp-json\/wp\/v2\/posts\/178293","targetHints":{"allow":["GET"]}}],"collection":[{"href":"https:\/\/plazajuarez.mx\/historico\/wp-json\/wp\/v2\/posts"}],"about":[{"href":"https:\/\/plazajuarez.mx\/historico\/wp-json\/wp\/v2\/types\/post"}],"author":[{"embeddable":true,"href":"https:\/\/plazajuarez.mx\/historico\/wp-json\/wp\/v2\/users\/101"}],"replies":[{"embeddable":true,"href":"https:\/\/plazajuarez.mx\/historico\/wp-json\/wp\/v2\/comments?post=178293"}],"version-history":[{"count":0,"href":"https:\/\/plazajuarez.mx\/historico\/wp-json\/wp\/v2\/posts\/178293\/revisions"}],"wp:featuredmedia":[{"embeddable":true,"href":"https:\/\/plazajuarez.mx\/historico\/wp-json\/wp\/v2\/media\/178294"}],"wp:attachment":[{"href":"https:\/\/plazajuarez.mx\/historico\/wp-json\/wp\/v2\/media?parent=178293"}],"wp:term":[{"taxonomy":"category","embeddable":true,"href":"https:\/\/plazajuarez.mx\/historico\/wp-json\/wp\/v2\/categories?post=178293"},{"taxonomy":"post_tag","embeddable":true,"href":"https:\/\/plazajuarez.mx\/historico\/wp-json\/wp\/v2\/tags?post=178293"}],"curies":[{"name":"wp","href":"https:\/\/api.w.org\/{rel}","templated":true}]}}