{"id":178290,"date":"2021-08-21T07:11:19","date_gmt":"2021-08-21T12:11:19","guid":{"rendered":"https:\/\/plazajuarez.mx\/?p=178290"},"modified":"2021-08-21T07:11:29","modified_gmt":"2021-08-21T12:11:29","slug":"no-esta-preparado-para-regreso-a-clases-presenciales-de-ninos","status":"publish","type":"post","link":"https:\/\/plazajuarez.mx\/historico\/no-esta-preparado-para-regreso-a-clases-presenciales-de-ninos\/","title":{"rendered":"No est\u00e1 preparado para regreso a clases presenciales de ni\u00f1os"},"content":{"rendered":"\n<p>El jefe del Departamento de la Infancia y Adultez de la Secretar\u00eda de Salud de Hidalgo (SSH), Eli Christian L\u00f3pez Gonz\u00e1lez, reiter\u00f3 que Hidalgo no est\u00e1 preparado para el regreso a clases presenciales de ni\u00f1os.<\/p>\n\n\n\n<p>En entrevista para el programa \u201cAl Aire\u201d del Sistema de Radio y Televisi\u00f3n de Hidalgo, sentenci\u00f3 que esta decisi\u00f3n tiene el prop\u00f3sito de \u201cpreservar el sano desarrollo de los peque\u00f1os, porque son los principales portadores que pueden hacer contagios masivos, no tienen sintomatolog\u00eda severa, y eso hace que se sugiera que Hidalgo todav\u00eda no se regrese a clases para preservar la salud de los peque\u00f1os\u201d.<\/p>\n\n\n\n<p>Refiri\u00f3 que al principio de la pandemia el sector infantil, no era un grupo afectado por COVID-19, sin embargo la mutaci\u00f3n del virus ha generado que la poblaci\u00f3n infantil, sea una de las etapas de vida m\u00e1s afectadas por la enfermedad.<\/p>\n\n\n\n<p>Dijo \u201cal principio peg\u00f3 m\u00e1s en las edades avanzadas porque el sistema inmune est\u00e1 m\u00e1s golpeado, al ser un virus nuevo, el organismo de los menores se adapta m\u00e1s r\u00e1pido y atacaba, pero las variantes se han hecho resistentes y afectan a otros grupos, donde pueda reproducirse, por eso est\u00e1 \u1e55egando en los ni\u00f1os\u201d.<\/p>\n\n\n\n<p>L\u00f3pez Gonz\u00e1lez apunt\u00f3 que actualmente no est\u00e1 aprobada una vacuna contra COVID-19 dirigida a los ni\u00f1os, sin embargo se aplican protocolos y tratamientos para atender la problem\u00e1tica.<\/p>\n\n\n\n<p>En ese sentido indic\u00f3 que en la entidad, existe un grupo integrado por expertos, el cual est\u00e1 encabezado por M\u00f3nica Langarica, directora del Hospital del Ni\u00f1o DIFH, que da seguimiento y aplica los protocolos ante un caso de la enfermedad en ni\u00f1os menores de 17 a\u00f1os.<\/p>\n\n\n\n<p>Lo anterior, se\u00f1al\u00f3 \u201cpara tener un control y manejo adecuado de la enfermedad, estos protocolos se aplican en El&nbsp; Hospital del Ni\u00f1o DIFH en conjunto con un grupo de expertos en la materia\u201d.<\/p>\n","protected":false},"excerpt":{"rendered":"<p>El jefe del Departamento de la Infancia y Adultez de la Secretar\u00eda de Salud de Hidalgo (SSH), Eli Christian L\u00f3pez Gonz\u00e1lez, reiter\u00f3 que Hidalgo no est\u00e1 preparado para el regreso a clases presenciales de ni\u00f1os. En entrevista para el programa \u201cAl Aire\u201d del Sistema de Radio y Televisi\u00f3n de Hidalgo, sentenci\u00f3 que esta decisi\u00f3n tiene [&hellip;]<\/p>\n","protected":false},"author":73,"featured_media":140119,"comment_status":"closed","ping_status":"closed","sticky":false,"template":"","format":"standard","meta":{"footnotes":""},"categories":[59,2159],"tags":[],"class_list":["post-178290","post","type-post","status-publish","format-standard","has-post-thumbnail","hentry","category-general","category-noticias-de-hidalgo"],"_links":{"self":[{"href":"https:\/\/plazajuarez.mx\/historico\/wp-json\/wp\/v2\/posts\/178290","targetHints":{"allow":["GET"]}}],"collection":[{"href":"https:\/\/plazajuarez.mx\/historico\/wp-json\/wp\/v2\/posts"}],"about":[{"href":"https:\/\/plazajuarez.mx\/historico\/wp-json\/wp\/v2\/types\/post"}],"author":[{"embeddable":true,"href":"https:\/\/plazajuarez.mx\/historico\/wp-json\/wp\/v2\/users\/73"}],"replies":[{"embeddable":true,"href":"https:\/\/plazajuarez.mx\/historico\/wp-json\/wp\/v2\/comments?post=178290"}],"version-history":[{"count":0,"href":"https:\/\/plazajuarez.mx\/historico\/wp-json\/wp\/v2\/posts\/178290\/revisions"}],"wp:featuredmedia":[{"embeddable":true,"href":"https:\/\/plazajuarez.mx\/historico\/wp-json\/wp\/v2\/media\/140119"}],"wp:attachment":[{"href":"https:\/\/plazajuarez.mx\/historico\/wp-json\/wp\/v2\/media?parent=178290"}],"wp:term":[{"taxonomy":"category","embeddable":true,"href":"https:\/\/plazajuarez.mx\/historico\/wp-json\/wp\/v2\/categories?post=178290"},{"taxonomy":"post_tag","embeddable":true,"href":"https:\/\/plazajuarez.mx\/historico\/wp-json\/wp\/v2\/tags?post=178290"}],"curies":[{"name":"wp","href":"https:\/\/api.w.org\/{rel}","templated":true}]}}