{"id":17829,"date":"2016-03-01T12:11:17","date_gmt":"2016-03-01T12:11:17","guid":{"rendered":"http:\/\/plazajuarez.mx\/index\/index.php\/2016\/03\/01\/la-maquina-se-le-volco-y-le-cayo-encima\/"},"modified":"2016-03-01T12:11:17","modified_gmt":"2016-03-01T12:11:17","slug":"la-maquina-se-le-volco-y-le-cayo-encima","status":"publish","type":"post","link":"https:\/\/plazajuarez.mx\/historico\/la-maquina-se-le-volco-y-le-cayo-encima\/","title":{"rendered":"La m\u00e1quina se le volc\u00f3 y le cay\u00f3 encima"},"content":{"rendered":"<p><strong>Tula de Allende<\/strong><\/p>\n<ul>\n<li><strong>Retroexcavadora mata a su operador<\/strong><\/li>\n<\/ul>\n<p>Al intentar dar la vuelta lo hizo sobre un peque\u00f1o bordo de tierra, lo que provoc\u00f3 que la retroexcavadora volcara<\/p>\n<p>  <!--more-->  <\/p>\n<p>\u00a0<\/p>\n<p>Operador de retroexcavadora muri\u00f3 aplastado por la misma m\u00e1quina al volcarse la unidad, cuando maniobr\u00f3 para dar la vuelta. Los hechos se registraron ayer en un predio ubicado sobre la carretera Michimaloya-El Vindh\u00f3, en el lugar conocido como \u201cEl Columpio\u201d.<\/p>\n<p>\u00a0<\/p>\n<p>El oficial \u00c1ngeles inform\u00f3 que alrededor de las 12:50 fue notificado que se hab\u00eda registrado un accidente y que una persona estaba atrapada en la m\u00e1quina que tripulaba, por lo que dio parte a param\u00e9dicos de la Cruz Roja quienes llegaron al lugar.<\/p>\n<p>\u00a0<\/p>\n<p>Se inform\u00f3 que el conductor, debido al fuerte golpe que recibi\u00f3 en la cabeza y a que qued\u00f3 \u201caplastado\u201d con parte de la cabina, muri\u00f3 pr\u00e1cticamente de manera instant\u00e1nea, de ah\u00ed que los param\u00e9dicos s\u00f3lo confirmaron su muerte.<\/p>\n<p>\u00a0<\/p>\n<p>El conductor de la unidad, de 58 a\u00f1os de edad, respond\u00eda al nombre de Francisco \u201cL\u201d, quien ten\u00eda su domicilio en la avenida Campesino en la comunidad de Xiteje de Zapata.<\/p>\n<p>\u00a0<\/p>\n<p>Tras la muerte del hombre que hab\u00eda acudido a realizar la limpieza de un terreno particular, y quien al retirarse del lugar al intentar dar la vuelta lo hizo sobre un peque\u00f1o bordo de tierra, lo que provoc\u00f3 que la retroexcavadora volcara, tomaron conocimientos elementos de la Coordinaci\u00f3n de Investigaciones quienes dieron parte al Ministerio P\u00fablico, para que se diera inicio a la carpeta de investigaci\u00f3n.<\/p>\n","protected":false},"excerpt":{"rendered":"<p>Tula de Allende Retroexcavadora mata a su operador Al intentar dar la vuelta lo hizo sobre un peque\u00f1o bordo de tierra, lo que provoc\u00f3 que la retroexcavadora volcara<\/p>\n","protected":false},"author":93,"featured_media":0,"comment_status":"open","ping_status":"open","sticky":false,"template":"","format":"standard","meta":{"footnotes":""},"categories":[40],"tags":[],"class_list":["post-17829","post","type-post","status-publish","format-standard","hentry","category-region"],"_links":{"self":[{"href":"https:\/\/plazajuarez.mx\/historico\/wp-json\/wp\/v2\/posts\/17829","targetHints":{"allow":["GET"]}}],"collection":[{"href":"https:\/\/plazajuarez.mx\/historico\/wp-json\/wp\/v2\/posts"}],"about":[{"href":"https:\/\/plazajuarez.mx\/historico\/wp-json\/wp\/v2\/types\/post"}],"author":[{"embeddable":true,"href":"https:\/\/plazajuarez.mx\/historico\/wp-json\/wp\/v2\/users\/93"}],"replies":[{"embeddable":true,"href":"https:\/\/plazajuarez.mx\/historico\/wp-json\/wp\/v2\/comments?post=17829"}],"version-history":[{"count":0,"href":"https:\/\/plazajuarez.mx\/historico\/wp-json\/wp\/v2\/posts\/17829\/revisions"}],"wp:attachment":[{"href":"https:\/\/plazajuarez.mx\/historico\/wp-json\/wp\/v2\/media?parent=17829"}],"wp:term":[{"taxonomy":"category","embeddable":true,"href":"https:\/\/plazajuarez.mx\/historico\/wp-json\/wp\/v2\/categories?post=17829"},{"taxonomy":"post_tag","embeddable":true,"href":"https:\/\/plazajuarez.mx\/historico\/wp-json\/wp\/v2\/tags?post=17829"}],"curies":[{"name":"wp","href":"https:\/\/api.w.org\/{rel}","templated":true}]}}