{"id":178243,"date":"2021-08-20T18:28:20","date_gmt":"2021-08-20T23:28:20","guid":{"rendered":"https:\/\/plazajuarez.mx\/?p=178243"},"modified":"2021-08-20T18:28:57","modified_gmt":"2021-08-20T23:28:57","slug":"el-chicote-recibio-una-sancion-economica","status":"publish","type":"post","link":"https:\/\/plazajuarez.mx\/historico\/el-chicote-recibio-una-sancion-economica\/","title":{"rendered":"\u201cEl Chicote\u201d recibi\u00f3 una sanci\u00f3n econ\u00f3mica"},"content":{"rendered":"\n<p>En cuanto se dio el momento en que Cristian Calder\u00f3n se enfrasc\u00f3 con un aficionado en la tribuna, tras la derrota ante el Le\u00f3n 3-0 y el seguidor rojiblanco termin\u00f3 de grabar el video, de inmediato lo subi\u00f3 a redes sociales, lo cual no tard\u00f3 la directiva en observarlo y se gir\u00f3 la instrucci\u00f3n de que deb\u00eda dar una disculpa p\u00fablica por el hecho.<br><br>Al d\u00eda siguiente el director deportivo Ricardo Pel\u00e1ez, platic\u00f3 con el &#8220;Chicote&#8221;, el jugador le explic\u00f3 al dirigente qu\u00e9 le dijo al aficionado que le estaba gritando. Calder\u00f3n solamente le dijo al aficionado que, &#8220;metete t\u00fa al campo, m\u00e9tete t\u00fa al campo&#8221;.<br><br>El jugador jam\u00e1s le grit\u00f3 una ofensa al aficionado, solamente lo invit\u00f3 a que entrara al campo y acompa\u00f1\u00f3 sus palabras con se\u00f1as, lo cual se observa en el video. Pel\u00e1ez lo escuch\u00f3, analiz\u00f3 el video y cayeron en la conclusi\u00f3n que s\u00ed era como dec\u00eda el jugador, porque jam\u00e1s tir\u00f3 alguna mala palabra.<br><br>De cualquier manera se llev\u00f3 su sanci\u00f3n econ\u00f3mica, porque no debe entrar en pol\u00e9mica con aficionados, discusiones que no llevar\u00e1n a ning\u00fan lado y porque deben ser m\u00e1s inteligentes, darse cuenta que la afici\u00f3n est\u00e1 caliente por la derrota y un altercado de este tipo es in\u00fatil.<\/p>\n","protected":false},"excerpt":{"rendered":"<p>En cuanto se dio el momento en que Cristian Calder\u00f3n se enfrasc\u00f3 con un aficionado en la tribuna, tras la derrota ante el Le\u00f3n 3-0 y el seguidor rojiblanco termin\u00f3 de grabar el video, de inmediato lo subi\u00f3 a redes sociales, lo cual no tard\u00f3 la directiva en observarlo y se gir\u00f3 la instrucci\u00f3n de [&hellip;]<\/p>\n","protected":false},"author":81,"featured_media":178244,"comment_status":"closed","ping_status":"closed","sticky":false,"template":"","format":"standard","meta":{"footnotes":""},"categories":[39],"tags":[],"class_list":["post-178243","post","type-post","status-publish","format-standard","has-post-thumbnail","hentry","category-deportiva"],"_links":{"self":[{"href":"https:\/\/plazajuarez.mx\/historico\/wp-json\/wp\/v2\/posts\/178243","targetHints":{"allow":["GET"]}}],"collection":[{"href":"https:\/\/plazajuarez.mx\/historico\/wp-json\/wp\/v2\/posts"}],"about":[{"href":"https:\/\/plazajuarez.mx\/historico\/wp-json\/wp\/v2\/types\/post"}],"author":[{"embeddable":true,"href":"https:\/\/plazajuarez.mx\/historico\/wp-json\/wp\/v2\/users\/81"}],"replies":[{"embeddable":true,"href":"https:\/\/plazajuarez.mx\/historico\/wp-json\/wp\/v2\/comments?post=178243"}],"version-history":[{"count":0,"href":"https:\/\/plazajuarez.mx\/historico\/wp-json\/wp\/v2\/posts\/178243\/revisions"}],"wp:featuredmedia":[{"embeddable":true,"href":"https:\/\/plazajuarez.mx\/historico\/wp-json\/wp\/v2\/media\/178244"}],"wp:attachment":[{"href":"https:\/\/plazajuarez.mx\/historico\/wp-json\/wp\/v2\/media?parent=178243"}],"wp:term":[{"taxonomy":"category","embeddable":true,"href":"https:\/\/plazajuarez.mx\/historico\/wp-json\/wp\/v2\/categories?post=178243"},{"taxonomy":"post_tag","embeddable":true,"href":"https:\/\/plazajuarez.mx\/historico\/wp-json\/wp\/v2\/tags?post=178243"}],"curies":[{"name":"wp","href":"https:\/\/api.w.org\/{rel}","templated":true}]}}