{"id":178233,"date":"2021-08-20T18:24:33","date_gmt":"2021-08-20T23:24:33","guid":{"rendered":"https:\/\/plazajuarez.mx\/?p=178233"},"modified":"2021-08-20T18:24:41","modified_gmt":"2021-08-20T23:24:41","slug":"e-u-extiende-otro-mes-el-cierre-fronterizo-terrestre","status":"publish","type":"post","link":"https:\/\/plazajuarez.mx\/historico\/e-u-extiende-otro-mes-el-cierre-fronterizo-terrestre\/","title":{"rendered":"E.U. extiende otro mes el cierre fronterizo terrestre"},"content":{"rendered":"\n<p><\/p>\n\n\n\n<p>EFE.- Estados Unidos (E.U.) anunci\u00f3 ayer una nueva extensi\u00f3n del cierre de sus fronteras terrestres con Canad\u00e1 y M\u00e9xico, hasta el 21 de septiembre, para contener la expansi\u00f3n de la variante delta.<\/p>\n\n\n\n<p>&#8220;Para minimizar la propagaci\u00f3n de Covid-19, incluida la variante delta, E.U. prorroga las restricciones a los viajes no esenciales en nuestros cruces terrestres y mar\u00edtimos con Canad\u00e1 y M\u00e9xico hasta el 21 de septiembre&#8221;, se\u00f1al\u00f3 el Departamento de Seguridad Nacional en un comunicado.<\/p>\n\n\n\n<p>Agreg\u00f3 que trabaja en coordinaci\u00f3n con expertos m\u00e9dicos y de salud p\u00fablica, as\u00ed como con sus socios internacionales para decidir c\u00f3mo retomar de manera sostenible y segura los viajes.<\/p>\n","protected":false},"excerpt":{"rendered":"<p>EFE.- Estados Unidos (E.U.) anunci\u00f3 ayer una nueva extensi\u00f3n del cierre de sus fronteras terrestres con Canad\u00e1 y M\u00e9xico, hasta el 21 de septiembre, para contener la expansi\u00f3n de la variante delta. &#8220;Para minimizar la propagaci\u00f3n de Covid-19, incluida la variante delta, E.U. prorroga las restricciones a los viajes no esenciales en nuestros cruces terrestres [&hellip;]<\/p>\n","protected":false},"author":80,"featured_media":178235,"comment_status":"closed","ping_status":"closed","sticky":false,"template":"","format":"standard","meta":{"footnotes":""},"categories":[31],"tags":[],"class_list":["post-178233","post","type-post","status-publish","format-standard","has-post-thumbnail","hentry","category-orbe"],"_links":{"self":[{"href":"https:\/\/plazajuarez.mx\/historico\/wp-json\/wp\/v2\/posts\/178233","targetHints":{"allow":["GET"]}}],"collection":[{"href":"https:\/\/plazajuarez.mx\/historico\/wp-json\/wp\/v2\/posts"}],"about":[{"href":"https:\/\/plazajuarez.mx\/historico\/wp-json\/wp\/v2\/types\/post"}],"author":[{"embeddable":true,"href":"https:\/\/plazajuarez.mx\/historico\/wp-json\/wp\/v2\/users\/80"}],"replies":[{"embeddable":true,"href":"https:\/\/plazajuarez.mx\/historico\/wp-json\/wp\/v2\/comments?post=178233"}],"version-history":[{"count":0,"href":"https:\/\/plazajuarez.mx\/historico\/wp-json\/wp\/v2\/posts\/178233\/revisions"}],"wp:featuredmedia":[{"embeddable":true,"href":"https:\/\/plazajuarez.mx\/historico\/wp-json\/wp\/v2\/media\/178235"}],"wp:attachment":[{"href":"https:\/\/plazajuarez.mx\/historico\/wp-json\/wp\/v2\/media?parent=178233"}],"wp:term":[{"taxonomy":"category","embeddable":true,"href":"https:\/\/plazajuarez.mx\/historico\/wp-json\/wp\/v2\/categories?post=178233"},{"taxonomy":"post_tag","embeddable":true,"href":"https:\/\/plazajuarez.mx\/historico\/wp-json\/wp\/v2\/tags?post=178233"}],"curies":[{"name":"wp","href":"https:\/\/api.w.org\/{rel}","templated":true}]}}