{"id":178230,"date":"2021-08-20T18:23:40","date_gmt":"2021-08-20T23:23:40","guid":{"rendered":"https:\/\/plazajuarez.mx\/?p=178230"},"modified":"2021-08-20T18:23:55","modified_gmt":"2021-08-20T23:23:55","slug":"la-mayor-ciudad-de-vietnam-cierra-totalmente-por-la-covid-19","status":"publish","type":"post","link":"https:\/\/plazajuarez.mx\/historico\/la-mayor-ciudad-de-vietnam-cierra-totalmente-por-la-covid-19\/","title":{"rendered":"La mayor ciudad de Vietnam cierra totalmente  por la Covid-19"},"content":{"rendered":"\n<p>EFE.- Las autoridades de Ho Chi Minh, la mayor ciudad de Vietnam, anunciaron ayer el endurecimiento de las medidas de control de la pandemia Covid-19, con la prohibici\u00f3n absoluta de que los residentes abandonen sus hogares a partir del lunes 23 de agosto.<\/p>\n\n\n\n<p>Pham Duc Hai, subdirector del comit\u00e9 de control de la pandemia en la ciudad, afirm\u00f3 hoy que ante la persistencia del virus en la ciudad a pesar del confinamiento en vigor desde primeros de julio, han decidido endurecer las medidas y exigir a los ciudadanos &#8220;que se queden d\u00f3nde est\u00e1n&#8221;, aunque no especific\u00f3 la duraci\u00f3n de la norma.<\/p>\n\n\n\n<p>Las medidas van acompa\u00f1adas de un despliegue de 10,000 soldados en distintos puntos de la ciudad, por cuyo centro circulan desde la ma\u00f1ana de ayer veh\u00edculos militares, y en el aeropuerto, cuyos vuelos est\u00e1n restringidos.<\/p>\n\n\n\n<p>Aunque los ciudadanos no podr\u00e1n salir ni siquiera a comprar alimentos, las autoridades garantizaron que tendr\u00e1n acceso al suministro, que ser\u00e1 gestionado por el Ej\u00e9rcito junto a cadenas de supermercado seleccionadas.<\/p>\n\n\n\n<p><strong>FRANCIA ENVI\u00d3 AYUDA A GUADALUPE Y MARTINICA&nbsp;<\/strong><\/p>\n\n\n\n<p>El Gobierno franc\u00e9s envi\u00f3 ayer un contingente de m\u00e1s de 300 personas a sus colonias de Guadalupe y Martinica, en el Caribe, para hacer frente a una situaci\u00f3n epid\u00e9mica desbocada all\u00ed que las autoridades vinculan con una tasa de vacunaci\u00f3n mucho m\u00e1s baja que en el resto del pa\u00eds.<\/p>\n\n\n\n<p>Los m\u00e9dicos, enfermeros y asistentes que salieron ayer del aeropuerto parisino de Orly, donde acudi\u00f3 a despedirlos el director general de Sanidad, J\u00e9r\u00f4me Salomon, tomar\u00e1n el relevo de otros 240 que hab\u00edan ido la semana pasada a esas dos islas francesas que tienen sus hospitales colapsados por los enfermos de la Covid.<\/p>\n\n\n\n<p>En declaraciones a los medios, Salomon aprovech\u00f3 para insistir en el mensaje de que &#8220;la vacuna funciona&#8221;.<\/p>\n","protected":false},"excerpt":{"rendered":"<p>EFE.- Las autoridades de Ho Chi Minh, la mayor ciudad de Vietnam, anunciaron ayer el endurecimiento de las medidas de control de la pandemia Covid-19, con la prohibici\u00f3n absoluta de que los residentes abandonen sus hogares a partir del lunes 23 de agosto. Pham Duc Hai, subdirector del comit\u00e9 de control de la pandemia en [&hellip;]<\/p>\n","protected":false},"author":80,"featured_media":178231,"comment_status":"closed","ping_status":"closed","sticky":false,"template":"","format":"standard","meta":{"footnotes":""},"categories":[31],"tags":[],"class_list":["post-178230","post","type-post","status-publish","format-standard","has-post-thumbnail","hentry","category-orbe"],"_links":{"self":[{"href":"https:\/\/plazajuarez.mx\/historico\/wp-json\/wp\/v2\/posts\/178230","targetHints":{"allow":["GET"]}}],"collection":[{"href":"https:\/\/plazajuarez.mx\/historico\/wp-json\/wp\/v2\/posts"}],"about":[{"href":"https:\/\/plazajuarez.mx\/historico\/wp-json\/wp\/v2\/types\/post"}],"author":[{"embeddable":true,"href":"https:\/\/plazajuarez.mx\/historico\/wp-json\/wp\/v2\/users\/80"}],"replies":[{"embeddable":true,"href":"https:\/\/plazajuarez.mx\/historico\/wp-json\/wp\/v2\/comments?post=178230"}],"version-history":[{"count":0,"href":"https:\/\/plazajuarez.mx\/historico\/wp-json\/wp\/v2\/posts\/178230\/revisions"}],"wp:featuredmedia":[{"embeddable":true,"href":"https:\/\/plazajuarez.mx\/historico\/wp-json\/wp\/v2\/media\/178231"}],"wp:attachment":[{"href":"https:\/\/plazajuarez.mx\/historico\/wp-json\/wp\/v2\/media?parent=178230"}],"wp:term":[{"taxonomy":"category","embeddable":true,"href":"https:\/\/plazajuarez.mx\/historico\/wp-json\/wp\/v2\/categories?post=178230"},{"taxonomy":"post_tag","embeddable":true,"href":"https:\/\/plazajuarez.mx\/historico\/wp-json\/wp\/v2\/tags?post=178230"}],"curies":[{"name":"wp","href":"https:\/\/api.w.org\/{rel}","templated":true}]}}