{"id":178226,"date":"2021-08-20T18:24:03","date_gmt":"2021-08-20T23:24:03","guid":{"rendered":"https:\/\/plazajuarez.mx\/?p=178226"},"modified":"2021-08-20T18:44:52","modified_gmt":"2021-08-20T23:44:52","slug":"otra-vez-en-semaforo-rojo","status":"publish","type":"post","link":"https:\/\/plazajuarez.mx\/historico\/otra-vez-en-semaforo-rojo\/","title":{"rendered":"OTRA VEZ EN SEM\u00c1FORO ROJO"},"content":{"rendered":"\n<p>De acuerdo con informaci\u00f3n publicada por la Secretar\u00eda de Salud de Gobierno Federal, la entidad regresa a color rojo en el sem\u00e1foro de riesgo epid\u00e9mico, mismo que estar\u00e1 vigente a partir del lunes 23 de agosto y hasta el 4 de septiembre.<\/p>\n\n\n\n<p>Con base en el mapa nacional, siete entidades est\u00e1n en rojo, considerado de riesgo maximo; 17 en naranja, alto; 7 en amarillo, medio; y uno en verde, bajo.<\/p>\n","protected":false},"excerpt":{"rendered":"<p>De acuerdo con informaci\u00f3n publicada por la Secretar\u00eda de Salud de Gobierno Federal, la entidad regresa a color rojo en el sem\u00e1foro de riesgo epid\u00e9mico, mismo que estar\u00e1 vigente a partir del lunes 23 de agosto y hasta el 4 de septiembre. Con base en el mapa nacional, siete entidades est\u00e1n en rojo, considerado de [&hellip;]<\/p>\n","protected":false},"author":73,"featured_media":152840,"comment_status":"closed","ping_status":"closed","sticky":false,"template":"","format":"standard","meta":{"footnotes":""},"categories":[2141,15,59],"tags":[],"class_list":["post-178226","post","type-post","status-publish","format-standard","has-post-thumbnail","hentry","category-covid-19","category-destacadas","category-general"],"_links":{"self":[{"href":"https:\/\/plazajuarez.mx\/historico\/wp-json\/wp\/v2\/posts\/178226","targetHints":{"allow":["GET"]}}],"collection":[{"href":"https:\/\/plazajuarez.mx\/historico\/wp-json\/wp\/v2\/posts"}],"about":[{"href":"https:\/\/plazajuarez.mx\/historico\/wp-json\/wp\/v2\/types\/post"}],"author":[{"embeddable":true,"href":"https:\/\/plazajuarez.mx\/historico\/wp-json\/wp\/v2\/users\/73"}],"replies":[{"embeddable":true,"href":"https:\/\/plazajuarez.mx\/historico\/wp-json\/wp\/v2\/comments?post=178226"}],"version-history":[{"count":0,"href":"https:\/\/plazajuarez.mx\/historico\/wp-json\/wp\/v2\/posts\/178226\/revisions"}],"wp:featuredmedia":[{"embeddable":true,"href":"https:\/\/plazajuarez.mx\/historico\/wp-json\/wp\/v2\/media\/152840"}],"wp:attachment":[{"href":"https:\/\/plazajuarez.mx\/historico\/wp-json\/wp\/v2\/media?parent=178226"}],"wp:term":[{"taxonomy":"category","embeddable":true,"href":"https:\/\/plazajuarez.mx\/historico\/wp-json\/wp\/v2\/categories?post=178226"},{"taxonomy":"post_tag","embeddable":true,"href":"https:\/\/plazajuarez.mx\/historico\/wp-json\/wp\/v2\/tags?post=178226"}],"curies":[{"name":"wp","href":"https:\/\/api.w.org\/{rel}","templated":true}]}}