{"id":178224,"date":"2021-08-20T18:19:50","date_gmt":"2021-08-20T23:19:50","guid":{"rendered":"https:\/\/plazajuarez.mx\/?p=178224"},"modified":"2021-08-20T18:20:02","modified_gmt":"2021-08-20T23:20:02","slug":"habra-mas-apoyos-para-el-sector-agropecuario-de-tulancingo","status":"publish","type":"post","link":"https:\/\/plazajuarez.mx\/historico\/habra-mas-apoyos-para-el-sector-agropecuario-de-tulancingo\/","title":{"rendered":"Habr\u00e1 m\u00e1s apoyos para el sector agropecuario de Tulancingo"},"content":{"rendered":"\n<p><strong>Tulancingo<\/strong>.- Oscar Gabriel Garc\u00eda Vargas, secretario del Campo, inform\u00f3 que la Secretar\u00eda de Desarrollo Agropecuario de Hidalgo, Tulancingo se sumar\u00e1 a las regiones beneficiarias del programa Rollo por Rollo 2021.<\/p>\n\n\n\n<p>En este sentido, se convoca a productores agropecuarios para registrarse al programa consistente en la dotaci\u00f3n de alambre de p\u00faas, el cual podr\u00e1 destinarse a la delimitaci\u00f3n de terrenos, parcelas, o unidades productivas<\/p>\n\n\n\n<p>Conforme las reglas de operaci\u00f3n, el productor aporta el 50 por ciento del importe por hect\u00e1rea y el 50 restante lo subsidia el gobierno estatal a trav\u00e9s de la Sedagroh.<\/p>\n\n\n\n<p>El programa est\u00e1 abierto al sector rural del municipio y el registro para acceder al apoyo se realiza en la Secretar\u00eda del Campo, &nbsp; ubicada en planta baja de Presidencia Municipal, y se gestiona con la Direcci\u00f3n de Gesti\u00f3n y Fomento.<\/p>\n\n\n\n<p>Los requisitos para el registro a interesados son: identificaci\u00f3n oficial vigente con fotograf\u00eda, CURP, comprobante de domicilio y acreditar la propiedad o posesi\u00f3n de la superficie a delimitar con los siguientes documentos: certificado parcelario, escritura, constancia de posesi\u00f3n o contrato de arrendamiento; todo ello en copias. La fecha de registro es del 19 de agosto al 2 de septiembre.<\/p>\n\n\n\n<p>Es la primera vez que se entrega un apoyo de esta modalidad en Tulancingo, gracias a la suma de esfuerzos del gobernador, Omar Fayad, y alcalde, Jorge M\u00e1rquez, quienes coinciden en impulsar el desarrollo de la actividad agropecuaria.<\/p>\n","protected":false},"excerpt":{"rendered":"<p>Tulancingo.- Oscar Gabriel Garc\u00eda Vargas, secretario del Campo, inform\u00f3 que la Secretar\u00eda de Desarrollo Agropecuario de Hidalgo, Tulancingo se sumar\u00e1 a las regiones beneficiarias del programa Rollo por Rollo 2021. En este sentido, se convoca a productores agropecuarios para registrarse al programa consistente en la dotaci\u00f3n de alambre de p\u00faas, el cual podr\u00e1 destinarse a [&hellip;]<\/p>\n","protected":false},"author":93,"featured_media":178227,"comment_status":"closed","ping_status":"closed","sticky":false,"template":"","format":"standard","meta":{"footnotes":""},"categories":[2159,40],"tags":[],"class_list":["post-178224","post","type-post","status-publish","format-standard","has-post-thumbnail","hentry","category-noticias-de-hidalgo","category-region"],"_links":{"self":[{"href":"https:\/\/plazajuarez.mx\/historico\/wp-json\/wp\/v2\/posts\/178224","targetHints":{"allow":["GET"]}}],"collection":[{"href":"https:\/\/plazajuarez.mx\/historico\/wp-json\/wp\/v2\/posts"}],"about":[{"href":"https:\/\/plazajuarez.mx\/historico\/wp-json\/wp\/v2\/types\/post"}],"author":[{"embeddable":true,"href":"https:\/\/plazajuarez.mx\/historico\/wp-json\/wp\/v2\/users\/93"}],"replies":[{"embeddable":true,"href":"https:\/\/plazajuarez.mx\/historico\/wp-json\/wp\/v2\/comments?post=178224"}],"version-history":[{"count":0,"href":"https:\/\/plazajuarez.mx\/historico\/wp-json\/wp\/v2\/posts\/178224\/revisions"}],"wp:featuredmedia":[{"embeddable":true,"href":"https:\/\/plazajuarez.mx\/historico\/wp-json\/wp\/v2\/media\/178227"}],"wp:attachment":[{"href":"https:\/\/plazajuarez.mx\/historico\/wp-json\/wp\/v2\/media?parent=178224"}],"wp:term":[{"taxonomy":"category","embeddable":true,"href":"https:\/\/plazajuarez.mx\/historico\/wp-json\/wp\/v2\/categories?post=178224"},{"taxonomy":"post_tag","embeddable":true,"href":"https:\/\/plazajuarez.mx\/historico\/wp-json\/wp\/v2\/tags?post=178224"}],"curies":[{"name":"wp","href":"https:\/\/api.w.org\/{rel}","templated":true}]}}