{"id":178221,"date":"2021-08-20T18:18:26","date_gmt":"2021-08-20T23:18:26","guid":{"rendered":"https:\/\/plazajuarez.mx\/?p=178221"},"modified":"2021-08-20T18:18:44","modified_gmt":"2021-08-20T23:18:44","slug":"piden-no-bajar-la-guardia-ante-la-covid-19-en-zempoala","status":"publish","type":"post","link":"https:\/\/plazajuarez.mx\/historico\/piden-no-bajar-la-guardia-ante-la-covid-19-en-zempoala\/","title":{"rendered":"Piden no bajar la guardia ante la Covid-19, en Zempoala"},"content":{"rendered":"\n<p><strong>Zempoala<\/strong>.- La direcci\u00f3n de Sanidad Municipal pide a la poblaci\u00f3n seguir respetando las medidas sanitarias ante la Tercera Ola de la Covid-19.<\/p>\n\n\n\n<p>En comunicados, tanto en redes sociales, como en tr\u00edpticos se informa sobre las medidas sanitarias que se estar\u00e1n aplicando entre la poblaci\u00f3n y comerciantes.&nbsp;<\/p>\n\n\n\n<p>El horario de cierre de los comercios ser\u00e1 a las 20:00 horas y el servicio de entrega a domicilio hasta las 23:00 horas.<\/p>\n\n\n\n<p>Ariana Meneses L\u00f3pez, titular de Sanidad de Zempoala, indic\u00f3 que el prop\u00f3sito es contener el avance de contagios que en los \u00faltimos d\u00edas se han acrecentado, no s\u00f3lo en Zempoala, sino en todo Hidalgo.&nbsp;<\/p>\n\n\n\n<p>Los comercios deber\u00e1n operar con aforo m\u00e1ximo del 50 por ciento<\/p>\n\n\n\n<p>Asimismo, dijo que, en coordinaci\u00f3n con la direcci\u00f3n de Reglamentos y Espect\u00e1culos, de Seguridad P\u00fablica Municipal, y de Protecci\u00f3n Civil, existe un operativo de vigilancia, para que estas medidas sean respetadas.<\/p>\n\n\n\n<p>En coordinaci\u00f3n con la Jurisdicci\u00f3n Sanitaria de la regi\u00f3n de Tizayuca, se har\u00e1n trabajos de sanitizaci\u00f3n en el transporte p\u00fablico, locales comerciales y espacios p\u00fablicos de mayor afluencia.<\/p>\n","protected":false},"excerpt":{"rendered":"<p>Zempoala.- La direcci\u00f3n de Sanidad Municipal pide a la poblaci\u00f3n seguir respetando las medidas sanitarias ante la Tercera Ola de la Covid-19. En comunicados, tanto en redes sociales, como en tr\u00edpticos se informa sobre las medidas sanitarias que se estar\u00e1n aplicando entre la poblaci\u00f3n y comerciantes.&nbsp; El horario de cierre de los comercios ser\u00e1 a [&hellip;]<\/p>\n","protected":false},"author":69,"featured_media":178222,"comment_status":"closed","ping_status":"closed","sticky":false,"template":"","format":"standard","meta":{"footnotes":""},"categories":[2159,40],"tags":[],"class_list":["post-178221","post","type-post","status-publish","format-standard","has-post-thumbnail","hentry","category-noticias-de-hidalgo","category-region"],"_links":{"self":[{"href":"https:\/\/plazajuarez.mx\/historico\/wp-json\/wp\/v2\/posts\/178221","targetHints":{"allow":["GET"]}}],"collection":[{"href":"https:\/\/plazajuarez.mx\/historico\/wp-json\/wp\/v2\/posts"}],"about":[{"href":"https:\/\/plazajuarez.mx\/historico\/wp-json\/wp\/v2\/types\/post"}],"author":[{"embeddable":true,"href":"https:\/\/plazajuarez.mx\/historico\/wp-json\/wp\/v2\/users\/69"}],"replies":[{"embeddable":true,"href":"https:\/\/plazajuarez.mx\/historico\/wp-json\/wp\/v2\/comments?post=178221"}],"version-history":[{"count":0,"href":"https:\/\/plazajuarez.mx\/historico\/wp-json\/wp\/v2\/posts\/178221\/revisions"}],"wp:featuredmedia":[{"embeddable":true,"href":"https:\/\/plazajuarez.mx\/historico\/wp-json\/wp\/v2\/media\/178222"}],"wp:attachment":[{"href":"https:\/\/plazajuarez.mx\/historico\/wp-json\/wp\/v2\/media?parent=178221"}],"wp:term":[{"taxonomy":"category","embeddable":true,"href":"https:\/\/plazajuarez.mx\/historico\/wp-json\/wp\/v2\/categories?post=178221"},{"taxonomy":"post_tag","embeddable":true,"href":"https:\/\/plazajuarez.mx\/historico\/wp-json\/wp\/v2\/tags?post=178221"}],"curies":[{"name":"wp","href":"https:\/\/api.w.org\/{rel}","templated":true}]}}