{"id":178209,"date":"2021-08-20T18:13:09","date_gmt":"2021-08-20T23:13:09","guid":{"rendered":"https:\/\/plazajuarez.mx\/?p=178209"},"modified":"2021-08-20T18:13:25","modified_gmt":"2021-08-20T23:13:25","slug":"sancionan-a-la-alcaldia-de-tlanalapa-por-omision","status":"publish","type":"post","link":"https:\/\/plazajuarez.mx\/historico\/sancionan-a-la-alcaldia-de-tlanalapa-por-omision\/","title":{"rendered":"Sancionan a la Alcald\u00eda de Tlanalapa, por omisi\u00f3n"},"content":{"rendered":"\n<p><strong>Tlanalapa<\/strong>.- Por no presentar la documentaci\u00f3n requerida para el juicio de amparo indirecto 918\/2020-4, la Juez Tercero de Distrito en el Estado de Hidalgo dictamin\u00f3 emitir una sanci\u00f3n econ\u00f3mica al Ayuntamiento de Tlanalapa, equivalente a \u201cCien D\u00edas de Salario M\u00ednimo General Vigente\u201d, en la CDMX.\u00a0<\/p>\n\n\n\n<p>La responsabilidad de la omisi\u00f3n recae en el alcalde, Sa\u00fal Garc\u00eda Ord\u00f3\u00f1ez y la s\u00edndico procurador, Mar\u00eda del Pilar Dom\u00ednguez, a quienes se les solicit\u00f3 la documentaci\u00f3n relativa del juicio de amparo iniciado por Jos\u00e9 Luis Cer\u00f3n Ronquillo, quien fue despedido ilegalmente del cargo, de director de Seguridad P\u00fablica Municipal.<\/p>\n\n\n\n<p>En la sentencia se menciona que \u00e9sta se debi\u00f3 a la omisi\u00f3n de entregar las constancias certificadas, requeridas el siete de julio de 2021, para dar soluci\u00f3n a este juicio laboral.<\/p>\n\n\n\n<p>Indica que por la omisi\u00f3n, \u201cse hace efectivo el apercibimiento decretado en prove\u00eddo de veintiuno de junio de 2021, por lo que se impone una multa a dicha autoridad, por lo que se gir\u00f3, el oficio respectivo a la Administraci\u00f3n Local de Recaudaci\u00f3n del Servicio de Administraci\u00f3n Tributaria en esta ciudad, para los efectos legales conducentes\u201d.<\/p>\n\n\n\n<p>Se\u00f1ala que la citada audiencia se ten\u00eda programada para el 21 de julio del a\u00f1o en curso. Se reprogram\u00f3, para que presentaran la documentaci\u00f3n requerida en copias certificadas.<\/p>\n\n\n\n<p>La Juez Tercero de Distrito dijo que en caso de volver a incurrir en el desacato de no presentar la documentaci\u00f3n requerida el d\u00eda que se reprograma esta audiencia, el Ayuntamiento de Tlanalapa, en este caso a los responsables que son el alcalde Sa\u00fal Garc\u00eda Ord\u00f3\u00f1ez y la s\u00edndica procuradora, Mar\u00eda del Pilar Dom\u00ednguez.<\/p>\n","protected":false},"excerpt":{"rendered":"<p>Tlanalapa.- Por no presentar la documentaci\u00f3n requerida para el juicio de amparo indirecto 918\/2020-4, la Juez Tercero de Distrito en el Estado de Hidalgo dictamin\u00f3 emitir una sanci\u00f3n econ\u00f3mica al Ayuntamiento de Tlanalapa, equivalente a \u201cCien D\u00edas de Salario M\u00ednimo General Vigente\u201d, en la CDMX.\u00a0 La responsabilidad de la omisi\u00f3n recae en el alcalde, Sa\u00fal [&hellip;]<\/p>\n","protected":false},"author":93,"featured_media":178210,"comment_status":"closed","ping_status":"closed","sticky":false,"template":"","format":"standard","meta":{"footnotes":""},"categories":[2159,40],"tags":[],"class_list":["post-178209","post","type-post","status-publish","format-standard","has-post-thumbnail","hentry","category-noticias-de-hidalgo","category-region"],"_links":{"self":[{"href":"https:\/\/plazajuarez.mx\/historico\/wp-json\/wp\/v2\/posts\/178209","targetHints":{"allow":["GET"]}}],"collection":[{"href":"https:\/\/plazajuarez.mx\/historico\/wp-json\/wp\/v2\/posts"}],"about":[{"href":"https:\/\/plazajuarez.mx\/historico\/wp-json\/wp\/v2\/types\/post"}],"author":[{"embeddable":true,"href":"https:\/\/plazajuarez.mx\/historico\/wp-json\/wp\/v2\/users\/93"}],"replies":[{"embeddable":true,"href":"https:\/\/plazajuarez.mx\/historico\/wp-json\/wp\/v2\/comments?post=178209"}],"version-history":[{"count":0,"href":"https:\/\/plazajuarez.mx\/historico\/wp-json\/wp\/v2\/posts\/178209\/revisions"}],"wp:featuredmedia":[{"embeddable":true,"href":"https:\/\/plazajuarez.mx\/historico\/wp-json\/wp\/v2\/media\/178210"}],"wp:attachment":[{"href":"https:\/\/plazajuarez.mx\/historico\/wp-json\/wp\/v2\/media?parent=178209"}],"wp:term":[{"taxonomy":"category","embeddable":true,"href":"https:\/\/plazajuarez.mx\/historico\/wp-json\/wp\/v2\/categories?post=178209"},{"taxonomy":"post_tag","embeddable":true,"href":"https:\/\/plazajuarez.mx\/historico\/wp-json\/wp\/v2\/tags?post=178209"}],"curies":[{"name":"wp","href":"https:\/\/api.w.org\/{rel}","templated":true}]}}