{"id":178203,"date":"2021-08-21T06:00:00","date_gmt":"2021-08-21T11:00:00","guid":{"rendered":"https:\/\/plazajuarez.mx\/?p=178203"},"modified":"2021-08-20T18:11:46","modified_gmt":"2021-08-20T23:11:46","slug":"igualdad-sustantiva-empoderamiento-efectivo-13","status":"publish","type":"post","link":"https:\/\/plazajuarez.mx\/historico\/igualdad-sustantiva-empoderamiento-efectivo-13\/","title":{"rendered":"IGUALDAD SUSTANTIVA, EMPODERAMIENTO EFECTIVO"},"content":{"rendered":"\n<h2 class=\"wp-block-heading\"><strong>\u201cFactores macro, micro e individuales de Trata de personas<em>\u201d<\/em><\/strong><\/h2>\n\n\n\n<p>El t\u00e9rmino de trata de personas surge en Inglaterra en el siglo XIX con el concepto de \u201ctrata de bancas\u201d atribuida a la virginidad de las mujeres, modificado en el siglo XX por la legislaci\u00f3n al t\u00e9rmino trata de personas, el cual es un delito serio y una violaci\u00f3n grave de los derechos humanos, que constituye una amenaza para la seguridad nacional y menoscaba el desarrollo sostenible y el estado de derecho.<\/p>\n\n\n\n<p>La tendencia Nacional de presuntas v\u00edctimas mujeres de trata de personas con base a los datos y cifras que proporciona el Secretariado Nacional del Sistema Nacional de Seguridad P\u00fablica de 6 a\u00f1os atr\u00e1s, indica que en 2015 fueron 676, en el 2016 seiscientos siete, en 2017 trescientos ochenta, en 2018 trescientos sesenta, en dos mil diecinueve cuatrocientos dos, en 2020 cuatrocientos cincuenta y cuatro, tendencia que despu\u00e9s de la baja del 2017 se ha vuelto a incrementar.<\/p>\n\n\n\n<p>A diferencia de a\u00f1os atr\u00e1s donde las v\u00edctimas eran personas adultas, ahora son menores de edad, las ni\u00f1as son v\u00edctimas de trata principalmente con fines de explotaci\u00f3n sexual, mientras que los ni\u00f1os son explotados con fines de trabajos forzosos.<\/p>\n\n\n\n<p>En lo que va de enero a junio, las cifras arrojan 274 casos con la mayor\u00eda de persona menores de edad, destacan el estado de M\u00e9xico con 63, Nuevo Le\u00f3n 58 y CDMX 32; en el mes de enero 18 casos, febrero 41, marzo 49, abril 62, mayo 58 y junio 46. La media nacional de las mujeres presuntas v\u00edctimas de trata de personas por cada mil mujeres, es de 0.42, abanderando Nuevo Le\u00f3n con el 2.04 de la tasa porcentual, Baja California con 1.30, y Quintana Roo con 1.03; Hidalgo afortunadamente con el 0.06 por ciento.&nbsp;<\/p>\n\n\n\n<p>Desde luego los datos descritos consideran la tasa de criminalidad oscura o cifra negra, que suele representar un porcentaje de la tasa real de delincuencia, debido a que resulta dif\u00edcil que las instituciones de seguridad ciudadana y justicia registren la totalidad de los delitos que se cometen en un pa\u00eds o municipio<\/p>\n\n\n\n<p>En la trata de personas existen procesos y eventos que se presentan dentro del contexto social que habitan las personas; circunstancias del orden social, econ\u00f3mico y cultural cuya influencia permea indirectamente en las personas quienes a su vez tienen nulo control al respecto; y factores f\u00edsicos y psicogen\u00e9ticos de comportamiento, modificaciones org\u00e1nicas o trastornos con base en el funcionamiento mental que se distinguen en factores macro, micro e individuales.&nbsp;<\/p>\n\n\n\n<p>En los factores macro de la trata de personas destaca la corrupci\u00f3n dentro de los factores pol\u00edticos; la demanda de los servicios sexuales y mano de obra barata, la desigualdad de g\u00e9nero, y los roles de g\u00e9nero en los factores socio culturales; la pobreza y la desigualdad en los factores socio econ\u00f3micos; y los flujos migratorios y redes de delincuencia organizada.<\/p>\n\n\n\n<p>Los factores micro son la violencia familiar, la participaci\u00f3n de alg\u00fan miembro de la familia en actividades criminales, segregaci\u00f3n ocupacional, baja tasa de matriculaci\u00f3n escolar, desempleo, migraci\u00f3n desinformada, carencia de documento de identidad, falta de ocupaciones educativas o formativas, y familiares v\u00edctimas o en ejercicio de prostituci\u00f3n. Los factores individuales dependen de la baja autoestima, depresi\u00f3n cr\u00f3nica, trastornos mentales.<\/p>\n\n\n\n<p><strong><em>\u201cIdentifica y protege\u201d<\/em><\/strong><\/p>\n","protected":false},"excerpt":{"rendered":"<p>\u201cFactores macro, micro e individuales de Trata de personas\u201d El t\u00e9rmino de trata de personas surge en Inglaterra en el siglo XIX con el concepto de \u201ctrata de bancas\u201d atribuida a la virginidad de las mujeres, modificado en el siglo XX por la legislaci\u00f3n al t\u00e9rmino trata de personas, el cual es un delito serio [&hellip;]<\/p>\n","protected":false},"author":104,"featured_media":165605,"comment_status":"closed","ping_status":"closed","sticky":false,"template":"","format":"standard","meta":{"footnotes":""},"categories":[42,2157],"tags":[],"class_list":["post-178203","post","type-post","status-publish","format-standard","has-post-thumbnail","hentry","category-nuestrapalabra","category-patricia-gonzalez-lopez"],"_links":{"self":[{"href":"https:\/\/plazajuarez.mx\/historico\/wp-json\/wp\/v2\/posts\/178203","targetHints":{"allow":["GET"]}}],"collection":[{"href":"https:\/\/plazajuarez.mx\/historico\/wp-json\/wp\/v2\/posts"}],"about":[{"href":"https:\/\/plazajuarez.mx\/historico\/wp-json\/wp\/v2\/types\/post"}],"author":[{"embeddable":true,"href":"https:\/\/plazajuarez.mx\/historico\/wp-json\/wp\/v2\/users\/104"}],"replies":[{"embeddable":true,"href":"https:\/\/plazajuarez.mx\/historico\/wp-json\/wp\/v2\/comments?post=178203"}],"version-history":[{"count":0,"href":"https:\/\/plazajuarez.mx\/historico\/wp-json\/wp\/v2\/posts\/178203\/revisions"}],"wp:featuredmedia":[{"embeddable":true,"href":"https:\/\/plazajuarez.mx\/historico\/wp-json\/wp\/v2\/media\/165605"}],"wp:attachment":[{"href":"https:\/\/plazajuarez.mx\/historico\/wp-json\/wp\/v2\/media?parent=178203"}],"wp:term":[{"taxonomy":"category","embeddable":true,"href":"https:\/\/plazajuarez.mx\/historico\/wp-json\/wp\/v2\/categories?post=178203"},{"taxonomy":"post_tag","embeddable":true,"href":"https:\/\/plazajuarez.mx\/historico\/wp-json\/wp\/v2\/tags?post=178203"}],"curies":[{"name":"wp","href":"https:\/\/api.w.org\/{rel}","templated":true}]}}