{"id":178194,"date":"2021-08-20T18:04:36","date_gmt":"2021-08-20T23:04:36","guid":{"rendered":"https:\/\/plazajuarez.mx\/?p=178194"},"modified":"2021-08-20T18:04:48","modified_gmt":"2021-08-20T23:04:48","slug":"invitan-a-artesanos-y-artesanas-a-participar-en-tianguis-artesanales","status":"publish","type":"post","link":"https:\/\/plazajuarez.mx\/historico\/invitan-a-artesanos-y-artesanas-a-participar-en-tianguis-artesanales\/","title":{"rendered":"Invitan a artesanos y artesanas a participar en Tianguis Artesanales"},"content":{"rendered":"\n<p>La Secretar\u00eda de Cultura, a trav\u00e9s de sus redes sociales, invit\u00f3 a artesanas y artesanos que deseen formar parte de los Tianguis Artesanales, realizados por esta instancia, a registrarse en la p\u00e1gina <a href=\"https:\/\/cutt.ly\/mmPq6St?fbclid=IwAR0snXp87VTTN2HDIi6mKXT9nXItiFLcbe7aYLb9BD-tO_bq5Zze-aNuVAc\">https:\/\/cutt.ly\/mmPq6St<\/a>&nbsp;&nbsp;<\/p>\n\n\n\n<p>El formulario solicita los siguientes datos: nombre completo, fecha de nacimiento, domicilio, localidad, municipio, tel\u00e9fono y correo electr\u00f3nico. As\u00ed mismo, pregunta si \u00e9l o la interesada pertenecen a \u201cSomosHidalgo\u201d, si habla una lengua originaria y en caso de hacerlo cu\u00e1l.<\/p>\n\n\n\n<p>De igual forma, pide que escriba los tres productos principales que elabora, as\u00ed como la selecci\u00f3n de la rama artesanal a la que se pertenece: alfarer\u00eda y cer\u00e1mica, textiles, madera, cerer\u00eda, metalister\u00eda, orfebrer\u00eda, joyer\u00eda, fibras vegetales, cartoner\u00eda y papel, talabarter\u00eda y peleter\u00eda, lapidaria, incrustaci\u00f3n de concha de abul\u00f3n, vidrio soplado y gastronom\u00eda (productos envasados y empaquetados).<\/p>\n\n\n\n<p>Por \u00faltimo deber\u00e1 indicarse el lugar en donde desear\u00edan vender sus productos: Ixmiquilpan, Pachuca de Soto, Huichapan, Real del Monte, Tula de Allende, Tulancingo de Bravo, Tecozautla y Zempoala.<\/p>\n\n\n\n<p>La p\u00e1gina especifica que el n\u00famero de espacios disponible ser\u00e1 determinado al espacio asignado para cada una de las sedes, y que se llevar\u00e1n medidas sanitarias para evitar contagios.<\/p>\n\n\n\n<p>El d\u00eda de hoy y ma\u00f1ana, en una de las sedes: el Cuartel del Arte, artesanas y artesanos estar\u00e1n de 10:00 de la ma\u00f1ana a 6:00 de la tarde exponiendo y vendiendo sus productos, en el \u201cTianguis Artesanal\u201d<\/p>\n","protected":false},"excerpt":{"rendered":"<p>La Secretar\u00eda de Cultura, a trav\u00e9s de sus redes sociales, invit\u00f3 a artesanas y artesanos que deseen formar parte de los Tianguis Artesanales, realizados por esta instancia, a registrarse en la p\u00e1gina https:\/\/cutt.ly\/mmPq6St&nbsp;&nbsp; El formulario solicita los siguientes datos: nombre completo, fecha de nacimiento, domicilio, localidad, municipio, tel\u00e9fono y correo electr\u00f3nico. As\u00ed mismo, pregunta si [&hellip;]<\/p>\n","protected":false},"author":101,"featured_media":178195,"comment_status":"closed","ping_status":"closed","sticky":false,"template":"","format":"standard","meta":{"footnotes":""},"categories":[59],"tags":[],"class_list":["post-178194","post","type-post","status-publish","format-standard","has-post-thumbnail","hentry","category-general"],"_links":{"self":[{"href":"https:\/\/plazajuarez.mx\/historico\/wp-json\/wp\/v2\/posts\/178194","targetHints":{"allow":["GET"]}}],"collection":[{"href":"https:\/\/plazajuarez.mx\/historico\/wp-json\/wp\/v2\/posts"}],"about":[{"href":"https:\/\/plazajuarez.mx\/historico\/wp-json\/wp\/v2\/types\/post"}],"author":[{"embeddable":true,"href":"https:\/\/plazajuarez.mx\/historico\/wp-json\/wp\/v2\/users\/101"}],"replies":[{"embeddable":true,"href":"https:\/\/plazajuarez.mx\/historico\/wp-json\/wp\/v2\/comments?post=178194"}],"version-history":[{"count":0,"href":"https:\/\/plazajuarez.mx\/historico\/wp-json\/wp\/v2\/posts\/178194\/revisions"}],"wp:featuredmedia":[{"embeddable":true,"href":"https:\/\/plazajuarez.mx\/historico\/wp-json\/wp\/v2\/media\/178195"}],"wp:attachment":[{"href":"https:\/\/plazajuarez.mx\/historico\/wp-json\/wp\/v2\/media?parent=178194"}],"wp:term":[{"taxonomy":"category","embeddable":true,"href":"https:\/\/plazajuarez.mx\/historico\/wp-json\/wp\/v2\/categories?post=178194"},{"taxonomy":"post_tag","embeddable":true,"href":"https:\/\/plazajuarez.mx\/historico\/wp-json\/wp\/v2\/tags?post=178194"}],"curies":[{"name":"wp","href":"https:\/\/api.w.org\/{rel}","templated":true}]}}