{"id":178171,"date":"2021-08-20T17:30:29","date_gmt":"2021-08-20T22:30:29","guid":{"rendered":"https:\/\/plazajuarez.mx\/?p=178171"},"modified":"2021-08-20T17:30:42","modified_gmt":"2021-08-20T22:30:42","slug":"saquean-cuatro-camiones-que-transportaban-ayuda-en-una-carretera-de-haiti","status":"publish","type":"post","link":"https:\/\/plazajuarez.mx\/historico\/saquean-cuatro-camiones-que-transportaban-ayuda-en-una-carretera-de-haiti\/","title":{"rendered":"Saquean cuatro camiones que transportaban ayuda en una carretera de Hait\u00ed"},"content":{"rendered":"\n<p>Al menos cuatro camiones de la ONG internacional Food For The Poor fueron saqueados este viernes en la carretera del Sur cuando se dispon\u00edan a entregar ayuda a las v\u00edctimas del terremoto que caus\u00f3 miles de v\u00edctimas y destrucci\u00f3n en el suroeste y otras zonas de Hait\u00ed el s\u00e1bado pasado.<\/p>\n\n\n\n<p>&#8220;Es con indignaci\u00f3n que nos enteramos que individuos no identificados han saqueado 4 camiones que iban a llevar ayuda a las poblaciones afectadas&#8221;, afirm\u00f3 la organizaci\u00f3n en una publicaci\u00f3n en creole.<\/p>\n\n\n\n<p>La ayuda se destinaba a las regiones de Abricot, Pestel, J\u00e9r\u00e9mie y la isla de Caimite, todas ellas muy afectadas por el terremoto que, seg\u00fan informes parciales, dej\u00f3 2.189 muertos, 12.268 heridos, 332 desaparecidos, 52.953 casas destruidas y 77.006 da\u00f1adas.<\/p>\n\n\n\n<p>Dos camiones fueron asaltados frente a la comisar\u00eda de Dichiti, otro entre Camp Perrin (cerca de Les Cayes) y otro en Rivi\u00e8re Glace, precis\u00f3 la informaci\u00f3n.<\/p>\n\n\n\n<p>&#8220;Estamos indignados y entristecidos por este acto&#8221;, agreg\u00f3 la nota, en la que Food For The Poor expres\u00f3 su condena al saqueo.<\/p>\n\n\n\n<p>La organizaci\u00f3n afirm\u00f3 que &#8220;este acto entristece&#8221; y pidi\u00f3 a las autoridades garantizar la seguridad en las carreteras que se utilizan para hacer llegar las ayudas a los afectados por el sismo de 7,2 en la escala de Ritcher.<\/p>\n\n\n\n<p>El Consejo Permanente de la Organizaci\u00f3n de Estados Americanos (OEA) celebr\u00f3 este viernes una sesi\u00f3n virtual extraordinaria para analizar la crisis humanitaria en la azotada naci\u00f3n caribe\u00f1a, que congreg\u00f3 a ministros y viceministros de distintos pa\u00edses miembros y socios de esta organizaci\u00f3n, as\u00ed como a representantes de instituciones regionales de financiaci\u00f3n regional.<\/p>\n\n\n\n<p>En la cita tambi\u00e9n estuvo presente el primer ministro haitiano, Ariel Henry.<\/p>\n","protected":false},"excerpt":{"rendered":"<p>Al menos cuatro camiones de la ONG internacional Food For The Poor fueron saqueados este viernes en la carretera del Sur cuando se dispon\u00edan a entregar ayuda a las v\u00edctimas del terremoto que caus\u00f3 miles de v\u00edctimas y destrucci\u00f3n en el suroeste y otras zonas de Hait\u00ed el s\u00e1bado pasado. &#8220;Es con indignaci\u00f3n que nos [&hellip;]<\/p>\n","protected":false},"author":80,"featured_media":178173,"comment_status":"closed","ping_status":"closed","sticky":false,"template":"","format":"standard","meta":{"footnotes":""},"categories":[31],"tags":[],"class_list":["post-178171","post","type-post","status-publish","format-standard","has-post-thumbnail","hentry","category-orbe"],"_links":{"self":[{"href":"https:\/\/plazajuarez.mx\/historico\/wp-json\/wp\/v2\/posts\/178171","targetHints":{"allow":["GET"]}}],"collection":[{"href":"https:\/\/plazajuarez.mx\/historico\/wp-json\/wp\/v2\/posts"}],"about":[{"href":"https:\/\/plazajuarez.mx\/historico\/wp-json\/wp\/v2\/types\/post"}],"author":[{"embeddable":true,"href":"https:\/\/plazajuarez.mx\/historico\/wp-json\/wp\/v2\/users\/80"}],"replies":[{"embeddable":true,"href":"https:\/\/plazajuarez.mx\/historico\/wp-json\/wp\/v2\/comments?post=178171"}],"version-history":[{"count":0,"href":"https:\/\/plazajuarez.mx\/historico\/wp-json\/wp\/v2\/posts\/178171\/revisions"}],"wp:featuredmedia":[{"embeddable":true,"href":"https:\/\/plazajuarez.mx\/historico\/wp-json\/wp\/v2\/media\/178173"}],"wp:attachment":[{"href":"https:\/\/plazajuarez.mx\/historico\/wp-json\/wp\/v2\/media?parent=178171"}],"wp:term":[{"taxonomy":"category","embeddable":true,"href":"https:\/\/plazajuarez.mx\/historico\/wp-json\/wp\/v2\/categories?post=178171"},{"taxonomy":"post_tag","embeddable":true,"href":"https:\/\/plazajuarez.mx\/historico\/wp-json\/wp\/v2\/tags?post=178171"}],"curies":[{"name":"wp","href":"https:\/\/api.w.org\/{rel}","templated":true}]}}