{"id":178168,"date":"2021-08-20T17:21:28","date_gmt":"2021-08-20T22:21:28","guid":{"rendered":"https:\/\/plazajuarez.mx\/?p=178168"},"modified":"2021-08-20T17:21:42","modified_gmt":"2021-08-20T22:21:42","slug":"impulsan-proyectos-ambientales-entre-mexico-y-eu","status":"publish","type":"post","link":"https:\/\/plazajuarez.mx\/historico\/impulsan-proyectos-ambientales-entre-mexico-y-eu\/","title":{"rendered":"Impulsan proyectos ambientales entre M\u00e9xico y EU"},"content":{"rendered":"\n<p>M\u00e9xico y Estados Unidos est\u00e1n trabajando no s\u00f3lo para seguir siendo una regi\u00f3n \u00fanica e integrada, sino tambi\u00e9n para tener una frontera verde en beneficio de sus habitantes, consider\u00f3 el director general del Banco de Desarrollo de Am\u00e9rica del Norte (BDAN), Calixto Mateos Hanel.<\/p>\n\n\n\n<p>Impulsar proyectos ambientales como lo hace la instituci\u00f3n ayudar\u00e1 a cumplir con las metas que impone el cambio clim\u00e1tico, dijo en el marco del Foro Fronterizo Ambiental.<\/p>\n\n\n\n<p>&#8220;En este foro en el que estamos viendo temas de la frontera que tienen relevancia en c\u00f3mo hacer una frontera m\u00e1s integrada m\u00e1s verde y sustentable&#8221;, se\u00f1al\u00f3.<\/p>\n\n\n\n<p>Agreg\u00f3 que estrechar lazos es una de las principales razones del BDAN para generar relaciones productivas.<\/p>\n\n\n\n<p>&#8220;La frontera debe estar muy integrada y se tiene que trabajar en ambos lados, nadie depende de nadie&#8221;, estableci\u00f3.<\/p>\n\n\n\n<p>La importancia del foro, estim\u00f3, es que representa una oportunidad para tener un di\u00e1logo abierto entre las partes interesadas en las acciones y proyectos en los cuales el BDAN podr\u00eda apoyar para continuar avanzando en una regi\u00f3n integrada y verde.<\/p>\n\n\n\n<p>Record\u00f3 que el BDAN tiene un mandato claro de financiar proyectos de infraestructura ambiental enfocados en agua, calidad del aire y rellenos sanitarios.<\/p>\n\n\n\n<p>Si bien en esos rubros est\u00e1n trabajando, se\u00f1al\u00f3 que est\u00e1n en otros relacionados con la energ\u00eda renovable, que son adicionales a la funci\u00f3n tradicional de apoyar a los sistemas de agua, plantas de tratamiento y relleno sanitario.<\/p>\n\n\n\n<p>&#8220;Estamos dispuestos a apoyarlos, tenemos que ver proyectos congruentes y sustentables para financiarlos, y una vez que se ve, se somete al consejo&#8221;, refiri\u00f3.<\/p>\n\n\n\n<p>Por eso consider\u00f3 que es importante escuchar a los expertos e innovadores en diversos temas de inter\u00e9s ambiental cuyos conocimientos e iniciativas puedan ser replicados a lo largo de la regi\u00f3n entre M\u00e9xico y Estados Unidos para fortalecer los esfuerzos en mejorar el medio ambiente e impulsar una econom\u00eda sustentable e inclusiva para todos los habitantes.<\/p>\n\n\n\n<p>Y m\u00e1s cuando est\u00e1 claro que los gobiernos est\u00e1n trabajando en el cumplimiento de metas temas en el tema del cambio clim\u00e1tico, ponder\u00f3.<\/p>\n\n\n\n<p>&#8220;Creo que el inter\u00e9s est\u00e1 claro y ahora hay varios desarrollos porque en energ\u00eda renovable est\u00e1n m\u00e1s para ser totalmente funcional, y estamos viendo esquemas de almacenamiento de energ\u00eda que permiten una estabilidad a los proyectos de energ\u00eda que ya se ten\u00edan&#8221;, mencion\u00f3.<\/p>\n","protected":false},"excerpt":{"rendered":"<p>M\u00e9xico y Estados Unidos est\u00e1n trabajando no s\u00f3lo para seguir siendo una regi\u00f3n \u00fanica e integrada, sino tambi\u00e9n para tener una frontera verde en beneficio de sus habitantes, consider\u00f3 el director general del Banco de Desarrollo de Am\u00e9rica del Norte (BDAN), Calixto Mateos Hanel. Impulsar proyectos ambientales como lo hace la instituci\u00f3n ayudar\u00e1 a cumplir [&hellip;]<\/p>\n","protected":false},"author":80,"featured_media":178169,"comment_status":"closed","ping_status":"closed","sticky":false,"template":"","format":"standard","meta":{"footnotes":""},"categories":[36],"tags":[],"class_list":["post-178168","post","type-post","status-publish","format-standard","has-post-thumbnail","hentry","category-nacion"],"_links":{"self":[{"href":"https:\/\/plazajuarez.mx\/historico\/wp-json\/wp\/v2\/posts\/178168","targetHints":{"allow":["GET"]}}],"collection":[{"href":"https:\/\/plazajuarez.mx\/historico\/wp-json\/wp\/v2\/posts"}],"about":[{"href":"https:\/\/plazajuarez.mx\/historico\/wp-json\/wp\/v2\/types\/post"}],"author":[{"embeddable":true,"href":"https:\/\/plazajuarez.mx\/historico\/wp-json\/wp\/v2\/users\/80"}],"replies":[{"embeddable":true,"href":"https:\/\/plazajuarez.mx\/historico\/wp-json\/wp\/v2\/comments?post=178168"}],"version-history":[{"count":0,"href":"https:\/\/plazajuarez.mx\/historico\/wp-json\/wp\/v2\/posts\/178168\/revisions"}],"wp:featuredmedia":[{"embeddable":true,"href":"https:\/\/plazajuarez.mx\/historico\/wp-json\/wp\/v2\/media\/178169"}],"wp:attachment":[{"href":"https:\/\/plazajuarez.mx\/historico\/wp-json\/wp\/v2\/media?parent=178168"}],"wp:term":[{"taxonomy":"category","embeddable":true,"href":"https:\/\/plazajuarez.mx\/historico\/wp-json\/wp\/v2\/categories?post=178168"},{"taxonomy":"post_tag","embeddable":true,"href":"https:\/\/plazajuarez.mx\/historico\/wp-json\/wp\/v2\/tags?post=178168"}],"curies":[{"name":"wp","href":"https:\/\/api.w.org\/{rel}","templated":true}]}}