{"id":178156,"date":"2021-08-20T16:41:53","date_gmt":"2021-08-20T21:41:53","guid":{"rendered":"https:\/\/plazajuarez.mx\/?p=178156"},"modified":"2021-08-20T16:42:06","modified_gmt":"2021-08-20T21:42:06","slug":"gobierno-de-mexico-se-mantiene-en-alerta-ante-segundo-impacto-de-ciclon-grace","status":"publish","type":"post","link":"https:\/\/plazajuarez.mx\/historico\/gobierno-de-mexico-se-mantiene-en-alerta-ante-segundo-impacto-de-ciclon-grace\/","title":{"rendered":"Gobierno de M\u00e9xico se mantiene en alerta ante segundo impacto de cicl\u00f3n Grace"},"content":{"rendered":"\n<p>El Gobierno mexicano se mantiene en alerta por el hurac\u00e1n Grace, que se aproxima a las costas del oriental estado de Veracruz y podr\u00eda impactar en categor\u00eda 2 en la escala Saffir-Simpson.<\/p>\n\n\n\n<p>Las autoridades explicaron que se espera que toque tierra durante este viernes, al filo de la medianoche, entre Tecolutla y Nautla, en el estado de Veracruz.<\/p>\n\n\n\n<p>&#8220;Probablemente como hurac\u00e1n categor\u00eda 2 en la escala de Saffir-Simpson, con vientos entre 154 y 177 kil\u00f3metros por hora (km\/h)&#8221;, indic\u00f3, en un bolet\u00edn, la Comisi\u00f3n Nacional del Agua (Conagua).<\/p>\n\n\n\n<p>Por ello, el Gobierno de M\u00e9xico llam\u00f3 a las tres \u00f3rdenes de Gobierno y a la poblaci\u00f3n &#8220;a mantenerse alerta, con el fin de tomar las acciones necesarias para reducir, en lo posible, el impacto del fen\u00f3meno meteorol\u00f3gico&#8221;.<\/p>\n\n\n\n<p>La coordinadora general del Servicio Meteorol\u00f3gico Nacional (SMN), Alejandra M\u00e9ndez Gir\u00f3n, inform\u00f3 en rueda de prensa que, a las 13.00 hora local (18.00 GMT), el cicl\u00f3n Grace contaba con un di\u00e1metro aproximado de 300 kil\u00f3metros.<\/p>\n\n\n\n<p>La funcionaria se\u00f1al\u00f3 que Grace est\u00e1 generando vientos fuertes, oleaje elevado y lluvias en Tuxpan, Poza Rica, Xalapa, El Puerto de Veracruz, Catemaco y Coatzacoalcos, en Veracruz, as\u00ed como en localidades costeras de Tabasco y sur de Tamaulipas.<\/p>\n\n\n\n<p>&#8220;Gradualmente las lluvias se extender\u00e1n hacia el norte de Hidalgo y Puebla&#8221;, puntualiz\u00f3.<\/p>\n\n\n\n<p>LLUVIAS EL S\u00c1BADO<\/p>\n\n\n\n<p>Para este s\u00e1bado, durante su recorrido en territorio nacional, Grace generar\u00e1 lluvias de intensas a torrenciales con posibles deslaves de tierra e inundaciones en el Estado de M\u00e9xico, Hidalgo, Puebla, Quer\u00e9taro, San Luis Potos\u00ed, el sur de Tamaulipas, Tlaxcala y Veracruz, seg\u00fan la Conagua.<\/p>\n\n\n\n<p>La coordinadora general del SMN dijo que a partir del domingo se prev\u00e9 que los remanentes de Grace afecten a Colima, Jalisco y Michoac\u00e1n, y muy probablemente den origen a un nuevo cicl\u00f3n tropical en el oc\u00e9ano Pac\u00edfico, frente a las costas de Jalisco.<\/p>\n\n\n\n<p>Mientras que Heriberto Montes, encargado de la Subdirecci\u00f3n General T\u00e9cnica de la Conagua, indic\u00f3 que las lluvias generadas por Grace podr\u00edan generar un incremento en los caudales de r\u00edos y arroyos, &#8220;as\u00ed como inundaciones en las zonas bajas de los estados mencionados, con posibilidad de deslizamientos de terreno y afectaciones en caminos y tramos carreteros&#8221;.<\/p>\n\n\n\n<p>LA CAPITAL EN ALERTA<\/p>\n\n\n\n<p>En una rueda de prensa de las autoridades capitalinas, Rafael Bernardo, coordinador general del Sistema de Aguas de la Ciudad de M\u00e9xico, explic\u00f3 que a lo largo del s\u00e1bado, pasado mediod\u00eda, el cicl\u00f3n podr\u00eda llegar a la parte norte del c\u00e9ntrico Estado de M\u00e9xico, vecino de la Ciudad de M\u00e9xico, con una &#8220;banda de influencia&#8221; que abarcar\u00eda la capital, entre otros estados.<\/p>\n\n\n\n<p>Para enfrentar posibles inundaciones o fallas, se han incrementado las brigadas del Sacmex y otras dependencias del Gobierno capitalino, asegur\u00f3.<\/p>\n\n\n\n<p>El cicl\u00f3n Grace toc\u00f3 tierra este jueves como hurac\u00e1n por el balneario de Tulum, en el Caribe mexicano, y se degrad\u00f3 a tormenta tropical, posteriormente cruz\u00f3 la pen\u00ednsula de Yucat\u00e1n, dejando inundaciones y causando da\u00f1os menores como fallas el\u00e9ctricas, pero sin v\u00edctimas mortales.<\/p>\n\n\n\n<p>En su reingreso al Golfo de M\u00e9xico, se fortaleci\u00f3 paulatinamente hasta tomar de nuevo la categor\u00eda de hurac\u00e1n.<\/p>\n","protected":false},"excerpt":{"rendered":"<p>El Gobierno mexicano se mantiene en alerta por el hurac\u00e1n Grace, que se aproxima a las costas del oriental estado de Veracruz y podr\u00eda impactar en categor\u00eda 2 en la escala Saffir-Simpson. Las autoridades explicaron que se espera que toque tierra durante este viernes, al filo de la medianoche, entre Tecolutla y Nautla, en el [&hellip;]<\/p>\n","protected":false},"author":80,"featured_media":178161,"comment_status":"closed","ping_status":"closed","sticky":false,"template":"","format":"standard","meta":{"footnotes":""},"categories":[36],"tags":[],"class_list":["post-178156","post","type-post","status-publish","format-standard","has-post-thumbnail","hentry","category-nacion"],"_links":{"self":[{"href":"https:\/\/plazajuarez.mx\/historico\/wp-json\/wp\/v2\/posts\/178156","targetHints":{"allow":["GET"]}}],"collection":[{"href":"https:\/\/plazajuarez.mx\/historico\/wp-json\/wp\/v2\/posts"}],"about":[{"href":"https:\/\/plazajuarez.mx\/historico\/wp-json\/wp\/v2\/types\/post"}],"author":[{"embeddable":true,"href":"https:\/\/plazajuarez.mx\/historico\/wp-json\/wp\/v2\/users\/80"}],"replies":[{"embeddable":true,"href":"https:\/\/plazajuarez.mx\/historico\/wp-json\/wp\/v2\/comments?post=178156"}],"version-history":[{"count":0,"href":"https:\/\/plazajuarez.mx\/historico\/wp-json\/wp\/v2\/posts\/178156\/revisions"}],"wp:featuredmedia":[{"embeddable":true,"href":"https:\/\/plazajuarez.mx\/historico\/wp-json\/wp\/v2\/media\/178161"}],"wp:attachment":[{"href":"https:\/\/plazajuarez.mx\/historico\/wp-json\/wp\/v2\/media?parent=178156"}],"wp:term":[{"taxonomy":"category","embeddable":true,"href":"https:\/\/plazajuarez.mx\/historico\/wp-json\/wp\/v2\/categories?post=178156"},{"taxonomy":"post_tag","embeddable":true,"href":"https:\/\/plazajuarez.mx\/historico\/wp-json\/wp\/v2\/tags?post=178156"}],"curies":[{"name":"wp","href":"https:\/\/api.w.org\/{rel}","templated":true}]}}