{"id":178133,"date":"2021-08-20T13:53:52","date_gmt":"2021-08-20T18:53:52","guid":{"rendered":"https:\/\/plazajuarez.mx\/?p=178133"},"modified":"2021-08-20T13:55:39","modified_gmt":"2021-08-20T18:55:39","slug":"aumentan-delitos-electorales-237-y-trafico-de-personas-78-en-julio","status":"publish","type":"post","link":"https:\/\/plazajuarez.mx\/historico\/aumentan-delitos-electorales-237-y-trafico-de-personas-78-en-julio\/","title":{"rendered":"Aumentan delitos electorales 237% y tr\u00e1fico de personas 78% en julio"},"content":{"rendered":"\n<p>La secretaria de Seguridad y Protecci\u00f3n Ciudadana (SSPC), Rosa Icela Rodr\u00edguez Vel\u00e1zquez, report\u00f3 el incremento en seis delitos del fuero federal.<\/p>\n\n\n\n<p>Al presentar el reporte mensual de incidencia delictiva en el pa\u00eds, la funcionaria inform\u00f3 que los delitos relacionados con armas de fuego y explosivos aumentaron, 1.45%; delitos contra la salud, 15.75%; delitos de delincuencia organizada, 27.21%; delitos cometidos por servidores p\u00fablicos, 74.30%; tr\u00e1fico de personas, 78.17%; delitos electorales 237.08%.<\/p>\n\n\n\n<p>Mientras que los que disminuyeron fueron los delitos patrimoniales, -63.83%; delitos financieros, -51.14%; delitos fiscales, -34.55%.<\/p>\n\n\n\n<p>&#8220;Los delitos del fuero federal van a la baja y se ha logrado una reducci\u00f3n de 27.8% con respecto al \u00faltimo a\u00f1o del gobierno anterior&#8221;, destac\u00f3 Rodr\u00edguez Vel\u00e1zquez.<\/p>\n","protected":false},"excerpt":{"rendered":"<p>La secretaria de Seguridad y Protecci\u00f3n Ciudadana (SSPC), Rosa Icela Rodr\u00edguez Vel\u00e1zquez, report\u00f3 el incremento en seis delitos del fuero federal. Al presentar el reporte mensual de incidencia delictiva en el pa\u00eds, la funcionaria inform\u00f3 que los delitos relacionados con armas de fuego y explosivos aumentaron, 1.45%; delitos contra la salud, 15.75%; delitos de delincuencia [&hellip;]<\/p>\n","protected":false},"author":81,"featured_media":178135,"comment_status":"closed","ping_status":"closed","sticky":false,"template":"","format":"standard","meta":{"footnotes":""},"categories":[36],"tags":[],"class_list":["post-178133","post","type-post","status-publish","format-standard","has-post-thumbnail","hentry","category-nacion"],"_links":{"self":[{"href":"https:\/\/plazajuarez.mx\/historico\/wp-json\/wp\/v2\/posts\/178133","targetHints":{"allow":["GET"]}}],"collection":[{"href":"https:\/\/plazajuarez.mx\/historico\/wp-json\/wp\/v2\/posts"}],"about":[{"href":"https:\/\/plazajuarez.mx\/historico\/wp-json\/wp\/v2\/types\/post"}],"author":[{"embeddable":true,"href":"https:\/\/plazajuarez.mx\/historico\/wp-json\/wp\/v2\/users\/81"}],"replies":[{"embeddable":true,"href":"https:\/\/plazajuarez.mx\/historico\/wp-json\/wp\/v2\/comments?post=178133"}],"version-history":[{"count":0,"href":"https:\/\/plazajuarez.mx\/historico\/wp-json\/wp\/v2\/posts\/178133\/revisions"}],"wp:featuredmedia":[{"embeddable":true,"href":"https:\/\/plazajuarez.mx\/historico\/wp-json\/wp\/v2\/media\/178135"}],"wp:attachment":[{"href":"https:\/\/plazajuarez.mx\/historico\/wp-json\/wp\/v2\/media?parent=178133"}],"wp:term":[{"taxonomy":"category","embeddable":true,"href":"https:\/\/plazajuarez.mx\/historico\/wp-json\/wp\/v2\/categories?post=178133"},{"taxonomy":"post_tag","embeddable":true,"href":"https:\/\/plazajuarez.mx\/historico\/wp-json\/wp\/v2\/tags?post=178133"}],"curies":[{"name":"wp","href":"https:\/\/api.w.org\/{rel}","templated":true}]}}