{"id":178127,"date":"2021-08-20T13:34:29","date_gmt":"2021-08-20T18:34:29","guid":{"rendered":"https:\/\/plazajuarez.mx\/?p=178127"},"modified":"2021-08-20T13:34:40","modified_gmt":"2021-08-20T18:34:40","slug":"el-presidente-de-ecuador-realizara-una-visita-oficial-a-mexico-desde-el-lunes","status":"publish","type":"post","link":"https:\/\/plazajuarez.mx\/historico\/el-presidente-de-ecuador-realizara-una-visita-oficial-a-mexico-desde-el-lunes\/","title":{"rendered":"El presidente de Ecuador realizar\u00e1 una visita oficial a M\u00e9xico desde el lunes"},"content":{"rendered":"\n<p>El jefe de Estado de Ecuador, Guillermo Lasso, realizar\u00e1 una visita oficial a M\u00e9xico la pr\u00f3xima semana, inform\u00f3 este viernes la Presidencia, que no ha revelado a\u00fan la agenda que mantendr\u00e1 el gobernante.<\/p>\n\n\n\n<p>Conforme a lo establecido por la Constituci\u00f3n, el mandatario comunic\u00f3 a la presidenta de la Asamblea Nacional (AN, Parlamento), Guadalupe Llori, sobre su desplazamiento y le detall\u00f3 en una misiva que se ausentar\u00e1 del pa\u00eds del 23 al 26 de agosto, &#8220;a fin de cumplir una visita oficial a M\u00e9xico&#8221;.<\/p>\n\n\n\n<p>En el decreto ejecutivo sobre el tema se especifica que la comitiva oficial estar\u00e1 integrada por el canciller, Mauricio Montalvo, y los ministros de Producci\u00f3n, Comercio Exterior, Inversiones y Pesca, Julio Jos\u00e9 Prado; y de Telecomunicaciones y Sociedad de la Informaci\u00f3n, Mar\u00eda Maino Isa\u00edas.<\/p>\n\n\n\n<p>Adem\u00e1s, el subsecretario general del despacho presidencial, Sergio Iannuzzelli; la subsecretaria de Gesti\u00f3n Log\u00edstica y Protocolar de la Presidencia, Mar\u00eda Mercedes Guevara, as\u00ed como el asesor presidencial, Aparicio Caicedo.<\/p>\n\n\n\n<p>Lasso, que asumi\u00f3 el Gobierno el pasado 24 de mayo, viajar\u00e1 tambi\u00e9n en compa\u00f1\u00eda de su esposa, Mar\u00eda de Lourdes Alcivar.<\/p>\n","protected":false},"excerpt":{"rendered":"<p>El jefe de Estado de Ecuador, Guillermo Lasso, realizar\u00e1 una visita oficial a M\u00e9xico la pr\u00f3xima semana, inform\u00f3 este viernes la Presidencia, que no ha revelado a\u00fan la agenda que mantendr\u00e1 el gobernante. Conforme a lo establecido por la Constituci\u00f3n, el mandatario comunic\u00f3 a la presidenta de la Asamblea Nacional (AN, Parlamento), Guadalupe Llori, sobre [&hellip;]<\/p>\n","protected":false},"author":80,"featured_media":178128,"comment_status":"closed","ping_status":"closed","sticky":false,"template":"","format":"standard","meta":{"footnotes":""},"categories":[36],"tags":[],"class_list":["post-178127","post","type-post","status-publish","format-standard","has-post-thumbnail","hentry","category-nacion"],"_links":{"self":[{"href":"https:\/\/plazajuarez.mx\/historico\/wp-json\/wp\/v2\/posts\/178127","targetHints":{"allow":["GET"]}}],"collection":[{"href":"https:\/\/plazajuarez.mx\/historico\/wp-json\/wp\/v2\/posts"}],"about":[{"href":"https:\/\/plazajuarez.mx\/historico\/wp-json\/wp\/v2\/types\/post"}],"author":[{"embeddable":true,"href":"https:\/\/plazajuarez.mx\/historico\/wp-json\/wp\/v2\/users\/80"}],"replies":[{"embeddable":true,"href":"https:\/\/plazajuarez.mx\/historico\/wp-json\/wp\/v2\/comments?post=178127"}],"version-history":[{"count":0,"href":"https:\/\/plazajuarez.mx\/historico\/wp-json\/wp\/v2\/posts\/178127\/revisions"}],"wp:featuredmedia":[{"embeddable":true,"href":"https:\/\/plazajuarez.mx\/historico\/wp-json\/wp\/v2\/media\/178128"}],"wp:attachment":[{"href":"https:\/\/plazajuarez.mx\/historico\/wp-json\/wp\/v2\/media?parent=178127"}],"wp:term":[{"taxonomy":"category","embeddable":true,"href":"https:\/\/plazajuarez.mx\/historico\/wp-json\/wp\/v2\/categories?post=178127"},{"taxonomy":"post_tag","embeddable":true,"href":"https:\/\/plazajuarez.mx\/historico\/wp-json\/wp\/v2\/tags?post=178127"}],"curies":[{"name":"wp","href":"https:\/\/api.w.org\/{rel}","templated":true}]}}