{"id":178126,"date":"2021-08-20T14:08:37","date_gmt":"2021-08-20T19:08:37","guid":{"rendered":"https:\/\/plazajuarez.mx\/?p=178126"},"modified":"2021-08-20T14:08:47","modified_gmt":"2021-08-20T19:08:47","slug":"vicente-fernandez-padece-el-sindrome-de-guillain-barre","status":"publish","type":"post","link":"https:\/\/plazajuarez.mx\/historico\/vicente-fernandez-padece-el-sindrome-de-guillain-barre\/","title":{"rendered":"Vicente Fern\u00e1ndez padece el s\u00edndrome de Guillain-Barr\u00e9"},"content":{"rendered":"\n<p>Tras dos semanas de hospitalizaci\u00f3n, la familia de Vicente Fern\u00e1ndez, de 81 a\u00f1os, confirm\u00f3 la enfermedad que padece, el s\u00edndrome de Guillain-Barr\u00e9, y aseguraron que su estado de salud sigue mejorando a paso lento.<\/p>\n\n\n\n<p>&#8220;Est\u00e1 mejorando, obviamente una operaci\u00f3n en las cervicales es delicada pero va muy bien. Ya le quitaron el ox\u00edgeno, ya mueve toda la cabeza, el otro d\u00eda ya movi\u00f3 un pie y se est\u00e1 recuperando poco a poco&#8221;, asegur\u00f3 este viernes a Efe su nieto Alex Fern\u00e1ndez.<\/p>\n\n\n\n<p>Asimismo, el primog\u00e9nito de la familia, Vicente Fern\u00e1ndez Jr., confirm\u00f3 en las \u00faltimas horas en un programa estadounidense que su padre padec\u00eda el s\u00edndrome Guillain-Barr\u00e9 y que ya se encontraba en tratamiento desde el pasado 13 de agosto para evitar su avance.<\/p>\n\n\n\n<p>&#8220;Afortunadamente fue detectado muy a tiempo, ya tiene tratamiento y va ser un tratamiento con respuesta lenta, como dijeron los doctores&#8221;, dijo Vicente.<\/p>\n\n\n\n<p>Seg\u00fan se\u00f1al\u00f3 su hijo, la enfermedad detectada no tiene relaci\u00f3n con la ca\u00edda que sufri\u00f3 el Charro de Huentit\u00e1n en su rancho que lo llev\u00f3 a la hospitalizaci\u00f3n.<\/p>\n\n\n\n<p>El s\u00edndrome que padece el cantante es una afecci\u00f3n en la que el sistema inmunol\u00f3gico ataca los nervios, los s\u00edntomas van de debilidad y hormigueo en las extremidades inferiores y puede llegar a producir una par\u00e1lisis.<\/p>\n\n\n\n<p>Fern\u00e1ndez lleg\u00f3 hace un par de semanas a un hospital privado de la ciudad de Guadalajara, capital del estado de Jalisco, tras sufrir una ca\u00edda que provoc\u00f3 un golpe en las cervicales cercanas al cr\u00e1neo, lastim\u00e1ndose la m\u00e9dula y dej\u00e1ndolo sin movimiento de brazos y piernas.<\/p>\n\n\n\n<p>Debido a ello el cantante tuvo que ser sometido a una cirug\u00eda de urgencia que le provoc\u00f3 un deterioro respiratorio y por ello tuvo que ser conectado a respiraci\u00f3n artificial y en consecuencia sedado completamente para facilitar su recuperaci\u00f3n.<\/p>\n\n\n\n<p>Antes de su llegada al hospital a inicios de agosto, el cantante de &#8220;Estos celos&#8221; hab\u00eda sido internado por una fuerte infecci\u00f3n urinaria que lo mantuvo en el hospital por dos d\u00edas.<\/p>\n\n\n\n<p>A lo largo de su vida Fern\u00e1ndez ha superado diversas enfermedades, como un c\u00e1ncer de pr\u00f3stata en 2002, la extirpaci\u00f3n de un tumor en el h\u00edgado en 2012, un a\u00f1o m\u00e1s tarde una trombosis que le hizo perder la voz y una cirug\u00eda para extraer unas hernias abdominales en 2015.<\/p>\n","protected":false},"excerpt":{"rendered":"<p>Tras dos semanas de hospitalizaci\u00f3n, la familia de Vicente Fern\u00e1ndez, de 81 a\u00f1os, confirm\u00f3 la enfermedad que padece, el s\u00edndrome de Guillain-Barr\u00e9, y aseguraron que su estado de salud sigue mejorando a paso lento. &#8220;Est\u00e1 mejorando, obviamente una operaci\u00f3n en las cervicales es delicada pero va muy bien. Ya le quitaron el ox\u00edgeno, ya mueve [&hellip;]<\/p>\n","protected":false},"author":80,"featured_media":178138,"comment_status":"closed","ping_status":"closed","sticky":false,"template":"","format":"standard","meta":{"footnotes":""},"categories":[15,38],"tags":[],"class_list":["post-178126","post","type-post","status-publish","format-standard","has-post-thumbnail","hentry","category-destacadas","category-show"],"_links":{"self":[{"href":"https:\/\/plazajuarez.mx\/historico\/wp-json\/wp\/v2\/posts\/178126","targetHints":{"allow":["GET"]}}],"collection":[{"href":"https:\/\/plazajuarez.mx\/historico\/wp-json\/wp\/v2\/posts"}],"about":[{"href":"https:\/\/plazajuarez.mx\/historico\/wp-json\/wp\/v2\/types\/post"}],"author":[{"embeddable":true,"href":"https:\/\/plazajuarez.mx\/historico\/wp-json\/wp\/v2\/users\/80"}],"replies":[{"embeddable":true,"href":"https:\/\/plazajuarez.mx\/historico\/wp-json\/wp\/v2\/comments?post=178126"}],"version-history":[{"count":0,"href":"https:\/\/plazajuarez.mx\/historico\/wp-json\/wp\/v2\/posts\/178126\/revisions"}],"wp:featuredmedia":[{"embeddable":true,"href":"https:\/\/plazajuarez.mx\/historico\/wp-json\/wp\/v2\/media\/178138"}],"wp:attachment":[{"href":"https:\/\/plazajuarez.mx\/historico\/wp-json\/wp\/v2\/media?parent=178126"}],"wp:term":[{"taxonomy":"category","embeddable":true,"href":"https:\/\/plazajuarez.mx\/historico\/wp-json\/wp\/v2\/categories?post=178126"},{"taxonomy":"post_tag","embeddable":true,"href":"https:\/\/plazajuarez.mx\/historico\/wp-json\/wp\/v2\/tags?post=178126"}],"curies":[{"name":"wp","href":"https:\/\/api.w.org\/{rel}","templated":true}]}}