{"id":178123,"date":"2021-08-20T13:07:02","date_gmt":"2021-08-20T18:07:02","guid":{"rendered":"https:\/\/plazajuarez.mx\/?p=178123"},"modified":"2021-08-20T13:07:17","modified_gmt":"2021-08-20T18:07:17","slug":"un-tribunal-de-ee-uu-rechaza-el-recurso-de-biden-contra-el-programa-espera-en-mexico","status":"publish","type":"post","link":"https:\/\/plazajuarez.mx\/historico\/un-tribunal-de-ee-uu-rechaza-el-recurso-de-biden-contra-el-programa-espera-en-mexico\/","title":{"rendered":"Un tribunal de EE.UU. rechaza el recurso de Biden contra el programa &#8220;Espera en M\u00e9xico&#8221;"},"content":{"rendered":"\n<p>Un tribunal federal de apelaciones rechaz\u00f3 el recurso del Gobierno del presidente estadounidense, Joe Biden, contra la orden judicial que le obliga a reanudar la pol\u00edtica de &#8220;Espera en M\u00e9xico&#8221; para quienes han solicitado asilo.<\/p>\n\n\n\n<p>La decisi\u00f3n del Tribunal Federal de Apelaciones del Quinto Distrito se da en respuesta a la decisi\u00f3n de una corte federal que fall\u00f3 a favor de los estados de Texas y Misuri, que demandaron a la Administraci\u00f3n Biden por cancelar el programa.<\/p>\n\n\n\n<p>La pol\u00edtica de &#8220;Espera en M\u00e9xico&#8221;, cuyo nombre oficial es Protocolo de Protecci\u00f3n de Migrantes (MPP) fue instaurada por el Gobierno del ahora expresidente Donald Trump en 2019, y por ella decenas de miles de migrantes llegados a la frontera sur han sido devueltos al pa\u00eds vecino y Am\u00e9rica Central.<\/p>\n\n\n\n<p>En lugar de esperar la audiencia de inmigraci\u00f3n que estipula la ley en territorio estadounidense, esa pol\u00edtica obliga a quienes buscan asilo a esperar afuera de EE.UU. el proceso de adjudicaci\u00f3n de sus solicitudes.<\/p>\n\n\n\n<p>El d\u00eda mismo de su investidura presidencial, en enero, Biden cancel\u00f3 MPP pero la semana pasada el juez federal Matthew Kacsmaryk, designado por Trump, orden\u00f3 al Gobierno federal que, a partir del pr\u00f3ximo s\u00e1bado, vuelva a aplicar la norma de &#8220;Espera en M\u00e9xico&#8221;.<\/p>\n\n\n\n<p>El Gobierno de Biden recurri\u00f3 al Tribunal de Apelaciones para que dejara en suspenso la orden de Kacsmaryk alegando que el Departamento de Seguridad Nacional (DHS) no tiene recursos para reanudar el MPP.<\/p>\n\n\n\n<p>Este no ser\u00eda el \u00fanico golpe para la Casa Blanca ya que el jueves, al tiempo que el Tribunal de Apelaciones rechazaba la gesti\u00f3n del Gobierno, el juez federal Drew Tipton, tambi\u00e9n designado por Trump declar\u00f3 nulas las prioridades establecidas por el Gobierno del presidente Joe Biden para que el Servicio de Control de Inmigraci\u00f3n y Aduanas (ICE) detenga a migrantes indocumentados para su deportaci\u00f3n.<\/p>\n\n\n\n<p>El Congreso hab\u00eda ordenado a ICE que estableciera prioridades en la detenci\u00f3n de inmigrantes indocumentados, y un memorando del Gobierno Biden el 18 de febrero estipul\u00f3 que se diera prioridad a la detenci\u00f3n de individuos que hubieran cometido delitos graves o que presentaran una amenaza para la seguridad p\u00fablica y nacional.<\/p>\n\n\n\n<p>Tipton con su fallo ech\u00f3 abajo estas prioridades, poni\u00e9ndose del lado de los estados de Texas y Luisiana que hab\u00edan demandado la orden.<\/p>\n\n\n\n<p>Las nuevas prioridades estipuladas por el Gobierno de Biden apuntaban a enfocar los esfuerzos policiales en quienes cometan cr\u00edmenes, cesando de hecho las pol\u00edticas de redadas masivas y la detenci\u00f3n de inmigrantes indocumentados en sus lugares de trabajo.<\/p>\n\n\n\n<p>La orden del magistrado Tipton da al Departamento de Seguridad Nacional (DHS) un plazo hasta el 3 de septiembre para que la agencia informe qu\u00e9 har\u00e1 sin las tales prioridades.<\/p>\n","protected":false},"excerpt":{"rendered":"<p>Un tribunal federal de apelaciones rechaz\u00f3 el recurso del Gobierno del presidente estadounidense, Joe Biden, contra la orden judicial que le obliga a reanudar la pol\u00edtica de &#8220;Espera en M\u00e9xico&#8221; para quienes han solicitado asilo. La decisi\u00f3n del Tribunal Federal de Apelaciones del Quinto Distrito se da en respuesta a la decisi\u00f3n de una corte [&hellip;]<\/p>\n","protected":false},"author":80,"featured_media":178124,"comment_status":"closed","ping_status":"closed","sticky":false,"template":"","format":"standard","meta":{"footnotes":""},"categories":[31],"tags":[],"class_list":["post-178123","post","type-post","status-publish","format-standard","has-post-thumbnail","hentry","category-orbe"],"_links":{"self":[{"href":"https:\/\/plazajuarez.mx\/historico\/wp-json\/wp\/v2\/posts\/178123","targetHints":{"allow":["GET"]}}],"collection":[{"href":"https:\/\/plazajuarez.mx\/historico\/wp-json\/wp\/v2\/posts"}],"about":[{"href":"https:\/\/plazajuarez.mx\/historico\/wp-json\/wp\/v2\/types\/post"}],"author":[{"embeddable":true,"href":"https:\/\/plazajuarez.mx\/historico\/wp-json\/wp\/v2\/users\/80"}],"replies":[{"embeddable":true,"href":"https:\/\/plazajuarez.mx\/historico\/wp-json\/wp\/v2\/comments?post=178123"}],"version-history":[{"count":0,"href":"https:\/\/plazajuarez.mx\/historico\/wp-json\/wp\/v2\/posts\/178123\/revisions"}],"wp:featuredmedia":[{"embeddable":true,"href":"https:\/\/plazajuarez.mx\/historico\/wp-json\/wp\/v2\/media\/178124"}],"wp:attachment":[{"href":"https:\/\/plazajuarez.mx\/historico\/wp-json\/wp\/v2\/media?parent=178123"}],"wp:term":[{"taxonomy":"category","embeddable":true,"href":"https:\/\/plazajuarez.mx\/historico\/wp-json\/wp\/v2\/categories?post=178123"},{"taxonomy":"post_tag","embeddable":true,"href":"https:\/\/plazajuarez.mx\/historico\/wp-json\/wp\/v2\/tags?post=178123"}],"curies":[{"name":"wp","href":"https:\/\/api.w.org\/{rel}","templated":true}]}}