{"id":178101,"date":"2021-08-20T10:21:25","date_gmt":"2021-08-20T15:21:25","guid":{"rendered":"https:\/\/plazajuarez.mx\/?p=178101"},"modified":"2021-08-20T10:21:41","modified_gmt":"2021-08-20T15:21:41","slug":"gobierno_ayotzinapan","status":"publish","type":"post","link":"https:\/\/plazajuarez.mx\/historico\/gobierno_ayotzinapan\/","title":{"rendered":"Gobierno reconoce asesinatos de vinculados al caso Ayotzinapa"},"content":{"rendered":"\n<p>El Gobierno mexicano reconoci\u00f3 ayer el asesinato de al menos ocho personas vinculadas a la desaparici\u00f3n de los 43 estudiantes de Ayotzinapa en septiembre de 2014.<\/p>\n\n\n\n<p>A pregunta expresa, el subsecretario de Derechos Humanos, Alejandro Encinas, valid\u00f3 que el 23 de julio un abogado de las familias inform\u00f3 de la muerte de seis sospechosos y que el 2 de agosto ejecutaron a Mois\u00e9s Brito &#8220;El Bandam&#8221;, del c\u00e1rtel Guerreros Unidos, adem\u00e1s de notificar un asesinato adicional.<\/p>\n\n\n\n<p>&#8220;Estamos haciendo un seguimiento efectivamente de estas personas que estaban evadidas de la ley y que en las \u00faltimas semanas ha habido algunas ejecuciones, por supuesto el caso del Bandam, el que t\u00fa has se\u00f1alado, (y) al d\u00eda siguiente su brazo derecho, que es una de las gentes que estaban operando tambi\u00e9n en los hechos de la desaparici\u00f3n&#8221;, respondi\u00f3.<\/p>\n\n\n\n<p>La Administraci\u00f3n de Enrique Pe\u00f1a Nieto (2012-2018) promovi\u00f3 la &#8220;verdad hist\u00f3rica&#8221; que se\u00f1alaba que polic\u00edas corruptos en Iguala detuvieron a los estudiantes y los entregaron al c\u00e1rtel Guerreros Unidos, que los mat\u00f3 e inciner\u00f3 en un basurero de Cocula. AMLO reabri\u00f3 la investigaci\u00f3n en 2018 y derrumb\u00f3 esa versi\u00f3n.&nbsp;<\/p>\n","protected":false},"excerpt":{"rendered":"<p>El Gobierno mexicano reconoci\u00f3 ayer el asesinato de al menos ocho personas vinculadas a la desaparici\u00f3n de los 43 estudiantes de Ayotzinapa en septiembre de 2014. A pregunta expresa, el subsecretario de Derechos Humanos, Alejandro Encinas, valid\u00f3 que el 23 de julio un abogado de las familias inform\u00f3 de la muerte de seis sospechosos y [&hellip;]<\/p>\n","protected":false},"author":80,"featured_media":178102,"comment_status":"closed","ping_status":"closed","sticky":false,"template":"","format":"standard","meta":{"footnotes":""},"categories":[36],"tags":[],"class_list":["post-178101","post","type-post","status-publish","format-standard","has-post-thumbnail","hentry","category-nacion"],"_links":{"self":[{"href":"https:\/\/plazajuarez.mx\/historico\/wp-json\/wp\/v2\/posts\/178101","targetHints":{"allow":["GET"]}}],"collection":[{"href":"https:\/\/plazajuarez.mx\/historico\/wp-json\/wp\/v2\/posts"}],"about":[{"href":"https:\/\/plazajuarez.mx\/historico\/wp-json\/wp\/v2\/types\/post"}],"author":[{"embeddable":true,"href":"https:\/\/plazajuarez.mx\/historico\/wp-json\/wp\/v2\/users\/80"}],"replies":[{"embeddable":true,"href":"https:\/\/plazajuarez.mx\/historico\/wp-json\/wp\/v2\/comments?post=178101"}],"version-history":[{"count":0,"href":"https:\/\/plazajuarez.mx\/historico\/wp-json\/wp\/v2\/posts\/178101\/revisions"}],"wp:featuredmedia":[{"embeddable":true,"href":"https:\/\/plazajuarez.mx\/historico\/wp-json\/wp\/v2\/media\/178102"}],"wp:attachment":[{"href":"https:\/\/plazajuarez.mx\/historico\/wp-json\/wp\/v2\/media?parent=178101"}],"wp:term":[{"taxonomy":"category","embeddable":true,"href":"https:\/\/plazajuarez.mx\/historico\/wp-json\/wp\/v2\/categories?post=178101"},{"taxonomy":"post_tag","embeddable":true,"href":"https:\/\/plazajuarez.mx\/historico\/wp-json\/wp\/v2\/tags?post=178101"}],"curies":[{"name":"wp","href":"https:\/\/api.w.org\/{rel}","templated":true}]}}