{"id":178097,"date":"2021-08-20T10:15:24","date_gmt":"2021-08-20T15:15:24","guid":{"rendered":"https:\/\/plazajuarez.mx\/?p=178097"},"modified":"2021-08-20T10:15:38","modified_gmt":"2021-08-20T15:15:38","slug":"unicef_clases-2","status":"publish","type":"post","link":"https:\/\/plazajuarez.mx\/historico\/unicef_clases-2\/","title":{"rendered":"PRD pide legislar revocaci\u00f3n de mandato con calma y &#8220;no al vapor&#8221;"},"content":{"rendered":"\n<p> La Coordinadora del PRD en la C\u00e1mara de Diputados, Ver\u00f3nica Ju\u00e1rez, insisti\u00f3 en que se requiere m\u00e1s tiempo para crear y expedir la Ley Federal para la revocaci\u00f3n de mandato y que hacerlo en un periodo extraordinario en lo que resta de la actual Legislatura ser\u00eda de forma atropellada y &#8220;al vapor&#8221;.<\/p>\n\n\n\n<p>En esa materia pidi\u00f3 a las y los legisladores que integran la permanente a trabajar con calma y bien, en lugar de atender &#8220;los caprichos&#8221; del presidente Andr\u00e9s Manuel L\u00f3pez Obrador.<\/p>\n\n\n\n<p>&#8220;Las leyes secundarias para la consulta de revocaci\u00f3n de mandato debe estudiarse con calma, porque implica diversos problemas, como el carecer al momento de un presupuesto para su realizaci\u00f3n y los tiempos previstos en la Constituci\u00f3n para hacer cualquier consulta&#8221;, puntualiz\u00f3.<\/p>\n\n\n\n<p>La lideresa del sol azteca explic\u00f3 que tras expedir la mencionada Ley, se requerir\u00e1 reformar otros ordenamientos, como la Ley General de Instituciones y Procedimientos Electorales.<\/p>\n","protected":false},"excerpt":{"rendered":"<p>La Coordinadora del PRD en la C\u00e1mara de Diputados, Ver\u00f3nica Ju\u00e1rez, insisti\u00f3 en que se requiere m\u00e1s tiempo para crear y expedir la Ley Federal para la revocaci\u00f3n de mandato y que hacerlo en un periodo extraordinario en lo que resta de la actual Legislatura ser\u00eda de forma atropellada y &#8220;al vapor&#8221;. En esa materia [&hellip;]<\/p>\n","protected":false},"author":81,"featured_media":178099,"comment_status":"closed","ping_status":"closed","sticky":false,"template":"","format":"standard","meta":{"footnotes":""},"categories":[36],"tags":[],"class_list":["post-178097","post","type-post","status-publish","format-standard","has-post-thumbnail","hentry","category-nacion"],"_links":{"self":[{"href":"https:\/\/plazajuarez.mx\/historico\/wp-json\/wp\/v2\/posts\/178097","targetHints":{"allow":["GET"]}}],"collection":[{"href":"https:\/\/plazajuarez.mx\/historico\/wp-json\/wp\/v2\/posts"}],"about":[{"href":"https:\/\/plazajuarez.mx\/historico\/wp-json\/wp\/v2\/types\/post"}],"author":[{"embeddable":true,"href":"https:\/\/plazajuarez.mx\/historico\/wp-json\/wp\/v2\/users\/81"}],"replies":[{"embeddable":true,"href":"https:\/\/plazajuarez.mx\/historico\/wp-json\/wp\/v2\/comments?post=178097"}],"version-history":[{"count":0,"href":"https:\/\/plazajuarez.mx\/historico\/wp-json\/wp\/v2\/posts\/178097\/revisions"}],"wp:featuredmedia":[{"embeddable":true,"href":"https:\/\/plazajuarez.mx\/historico\/wp-json\/wp\/v2\/media\/178099"}],"wp:attachment":[{"href":"https:\/\/plazajuarez.mx\/historico\/wp-json\/wp\/v2\/media?parent=178097"}],"wp:term":[{"taxonomy":"category","embeddable":true,"href":"https:\/\/plazajuarez.mx\/historico\/wp-json\/wp\/v2\/categories?post=178097"},{"taxonomy":"post_tag","embeddable":true,"href":"https:\/\/plazajuarez.mx\/historico\/wp-json\/wp\/v2\/tags?post=178097"}],"curies":[{"name":"wp","href":"https:\/\/api.w.org\/{rel}","templated":true}]}}