{"id":178094,"date":"2021-08-20T10:02:58","date_gmt":"2021-08-20T15:02:58","guid":{"rendered":"https:\/\/plazajuarez.mx\/?p=178094"},"modified":"2021-08-20T10:03:12","modified_gmt":"2021-08-20T15:03:12","slug":"amlo_recursos","status":"publish","type":"post","link":"https:\/\/plazajuarez.mx\/historico\/amlo_recursos\/","title":{"rendered":"AMLO celebr\u00f3 que se pueda pagar deuda con recursos del FMI"},"content":{"rendered":"\n<p>AMLO celebr\u00f3 la actitud del gobernador del Banco de M\u00e9xico, Alejandro D\u00edaz de Le\u00f3n, quien se\u00f1al\u00f3 que s\u00ed se podr\u00eda pagar parte de la deuda p\u00fablica con recursos provenientes del FMI y de concretarse este acuerdo \u2013dijo- lo invitar\u00e1 a la &#8220;ma\u00f1anera&#8221;.<\/p>\n\n\n\n<p>En la ma\u00f1anera dijo que por esos recursos \u2013unos 12 mil millones de d\u00f3lares- se paga muy poco inter\u00e9s, mientras la deuda del gobierno paga altos intereses, con lo que se lograr\u00eda un ahorro importante. Dijo que quien le hizo esta recomendaci\u00f3n fue el secretario de Hacienda Rogelio Ram\u00edrez de la O, &#8220;un experto, especialista, es el primer doctor en Econom\u00eda de Oxford&#8221;.<\/p>\n","protected":false},"excerpt":{"rendered":"<p>AMLO celebr\u00f3 la actitud del gobernador del Banco de M\u00e9xico, Alejandro D\u00edaz de Le\u00f3n, quien se\u00f1al\u00f3 que s\u00ed se podr\u00eda pagar parte de la deuda p\u00fablica con recursos provenientes del FMI y de concretarse este acuerdo \u2013dijo- lo invitar\u00e1 a la &#8220;ma\u00f1anera&#8221;. En la ma\u00f1anera dijo que por esos recursos \u2013unos 12 mil millones de [&hellip;]<\/p>\n","protected":false},"author":81,"featured_media":178095,"comment_status":"closed","ping_status":"closed","sticky":false,"template":"","format":"standard","meta":{"footnotes":""},"categories":[36],"tags":[],"class_list":["post-178094","post","type-post","status-publish","format-standard","has-post-thumbnail","hentry","category-nacion"],"_links":{"self":[{"href":"https:\/\/plazajuarez.mx\/historico\/wp-json\/wp\/v2\/posts\/178094","targetHints":{"allow":["GET"]}}],"collection":[{"href":"https:\/\/plazajuarez.mx\/historico\/wp-json\/wp\/v2\/posts"}],"about":[{"href":"https:\/\/plazajuarez.mx\/historico\/wp-json\/wp\/v2\/types\/post"}],"author":[{"embeddable":true,"href":"https:\/\/plazajuarez.mx\/historico\/wp-json\/wp\/v2\/users\/81"}],"replies":[{"embeddable":true,"href":"https:\/\/plazajuarez.mx\/historico\/wp-json\/wp\/v2\/comments?post=178094"}],"version-history":[{"count":0,"href":"https:\/\/plazajuarez.mx\/historico\/wp-json\/wp\/v2\/posts\/178094\/revisions"}],"wp:featuredmedia":[{"embeddable":true,"href":"https:\/\/plazajuarez.mx\/historico\/wp-json\/wp\/v2\/media\/178095"}],"wp:attachment":[{"href":"https:\/\/plazajuarez.mx\/historico\/wp-json\/wp\/v2\/media?parent=178094"}],"wp:term":[{"taxonomy":"category","embeddable":true,"href":"https:\/\/plazajuarez.mx\/historico\/wp-json\/wp\/v2\/categories?post=178094"},{"taxonomy":"post_tag","embeddable":true,"href":"https:\/\/plazajuarez.mx\/historico\/wp-json\/wp\/v2\/tags?post=178094"}],"curies":[{"name":"wp","href":"https:\/\/api.w.org\/{rel}","templated":true}]}}