{"id":178091,"date":"2021-08-20T09:27:20","date_gmt":"2021-08-20T14:27:20","guid":{"rendered":"https:\/\/plazajuarez.mx\/?p=178091"},"modified":"2021-08-20T10:50:42","modified_gmt":"2021-08-20T15:50:42","slug":"ed-sheeran-lanzara-su-album-equals-el-proximo-29-de-octubre","status":"publish","type":"post","link":"https:\/\/plazajuarez.mx\/historico\/ed-sheeran-lanzara-su-album-equals-el-proximo-29-de-octubre\/","title":{"rendered":"Ed Sheeran lanzar\u00e1 su \u00e1lbum &#8220;Equals&#8221; el pr\u00f3ximo 29 de octubre"},"content":{"rendered":"\n<p>El cantante brit\u00e1nico Ed Sheeran anunci\u00f3 el d\u00eda de ayer el lanzamiento de su cuarto \u00e1lbum de estudio, que llevar\u00e1 por t\u00edtulo &#8220;Equals&#8221; (Iguales), para el pr\u00f3ximo 29 de octubre.<\/p>\n\n\n\n<p>Lo confirm\u00f3 el propio artista a trav\u00e9s de un directo en Instagram este jueves en el que adem\u00e1s desvel\u00f3 que \u00e9l mismo es el autor de &#8220;parte&#8221; de la portada, donde, adem\u00e1s de el s\u00edmbolo &#8220;=&#8221; sobre un fondo rojo pollockiano se ven varias mariposas para simbolizar una &#8220;nueva vida&#8221;.<\/p>\n\n\n\n<p>Sheeran pint\u00f3 la portada &#8220;durante el confinamiento simplemente salpicando pintura sobre un lienzo&#8221;, inspirado por los cambios que ha sufrido su vida en estos \u00faltimos cuatro a\u00f1os como &#8220;casarse, tener hijos o perder amigos&#8221;.<\/p>\n\n\n\n<p>El artista admiti\u00f3 que &#8220;Equals&#8221; es el resultado de un proceso &#8220;esmerado&#8221; y materializado en 14 canciones. La primera, &#8220;Bad Habits&#8221;, vio la luz el pasado 25 de junio y lleva siete semanas consecutivas en lo m\u00e1s alto de las listas de Reino Unido.<\/p>\n\n\n\n<p>Adem\u00e1s, en el directo de Instagram, Sheeran ha interpretado y simult\u00e1neamente publicado en todas las plataformas digitales &#8220;Visiting Hours&#8221; (Horas de visita), dedicada a su amigo Michael, fallecido durante este pasado a\u00f1o. Su pr\u00f3ximo single saldr\u00e1 el 10 de septiembre.<\/p>\n\n\n\n<p>Unos d\u00edas antes, el 2 de septiembre, Sheeran realizar\u00e1 un concierto \u00edntimo para 2.000 espectadores desde el O2 Shepherd\u00b4s Bush Empire de Londres, para conmemorar la d\u00e9cada que cumple &#8220;+&#8221;, el primer \u00e1lbum de esta tetralog\u00eda matem\u00e1tica.<\/p>\n","protected":false},"excerpt":{"rendered":"<p>El cantante brit\u00e1nico Ed Sheeran anunci\u00f3 el d\u00eda de ayer el lanzamiento de su cuarto \u00e1lbum de estudio, que llevar\u00e1 por t\u00edtulo &#8220;Equals&#8221; (Iguales), para el pr\u00f3ximo 29 de octubre. Lo confirm\u00f3 el propio artista a trav\u00e9s de un directo en Instagram este jueves en el que adem\u00e1s desvel\u00f3 que \u00e9l mismo es el autor [&hellip;]<\/p>\n","protected":false},"author":80,"featured_media":178092,"comment_status":"closed","ping_status":"closed","sticky":false,"template":"","format":"standard","meta":{"footnotes":""},"categories":[38],"tags":[],"class_list":["post-178091","post","type-post","status-publish","format-standard","has-post-thumbnail","hentry","category-show"],"_links":{"self":[{"href":"https:\/\/plazajuarez.mx\/historico\/wp-json\/wp\/v2\/posts\/178091","targetHints":{"allow":["GET"]}}],"collection":[{"href":"https:\/\/plazajuarez.mx\/historico\/wp-json\/wp\/v2\/posts"}],"about":[{"href":"https:\/\/plazajuarez.mx\/historico\/wp-json\/wp\/v2\/types\/post"}],"author":[{"embeddable":true,"href":"https:\/\/plazajuarez.mx\/historico\/wp-json\/wp\/v2\/users\/80"}],"replies":[{"embeddable":true,"href":"https:\/\/plazajuarez.mx\/historico\/wp-json\/wp\/v2\/comments?post=178091"}],"version-history":[{"count":0,"href":"https:\/\/plazajuarez.mx\/historico\/wp-json\/wp\/v2\/posts\/178091\/revisions"}],"wp:featuredmedia":[{"embeddable":true,"href":"https:\/\/plazajuarez.mx\/historico\/wp-json\/wp\/v2\/media\/178092"}],"wp:attachment":[{"href":"https:\/\/plazajuarez.mx\/historico\/wp-json\/wp\/v2\/media?parent=178091"}],"wp:term":[{"taxonomy":"category","embeddable":true,"href":"https:\/\/plazajuarez.mx\/historico\/wp-json\/wp\/v2\/categories?post=178091"},{"taxonomy":"post_tag","embeddable":true,"href":"https:\/\/plazajuarez.mx\/historico\/wp-json\/wp\/v2\/tags?post=178091"}],"curies":[{"name":"wp","href":"https:\/\/api.w.org\/{rel}","templated":true}]}}