{"id":178087,"date":"2021-08-20T09:25:54","date_gmt":"2021-08-20T14:25:54","guid":{"rendered":"https:\/\/plazajuarez.mx\/?p=178087"},"modified":"2021-08-20T10:52:25","modified_gmt":"2021-08-20T15:52:25","slug":"juan-pablo-medina-feliz-tras-ser-nominado-en-los-premios-ariel","status":"publish","type":"post","link":"https:\/\/plazajuarez.mx\/historico\/juan-pablo-medina-feliz-tras-ser-nominado-en-los-premios-ariel\/","title":{"rendered":"Juan Pablo Medina, feliz tras ser nominado en los Premios Ariel"},"content":{"rendered":"\n<p>Una de las sorpresas m\u00e1s positivas durante el anuncio de los nominados al Premio Ariel es la presencia del actor Juan Pablo Medina, quien competir\u00e1 a llevarse la estatuilla a Mejor Actor por su trabajo en &#8220;El club de los idealistas&#8221;.<\/p>\n\n\n\n<p>La comedia mexicana que habla sobre la amistad y los ideales que nacen en la juventud, y que es dirigida por Marcelo Tobar, sigue a un grupo de amigos cuarentones que se re\u00fanen despu\u00e9s de muchos a\u00f1os para cumplir un pacto que hicieron en su juventud.<\/p>\n\n\n\n<p>En la historia que en el sitio de cr\u00edtica Tomatazos tiene una calificaci\u00f3n de 91%, el personaje de Juan Pablo Medina (Aranas) es quien da pie a la reuni\u00f3n de los viejos amigos, al invitarlos a su casa en Valle de Bravo.<\/p>\n\n\n\n<p>Al respecto de las nominaciones dadas a conocer la noche de este mi\u00e9rcoles una fuente cercana a Medina comparti\u00f3 con EL UNIVERSAL: &#8220;Juan Pablo se encuentra muy bien y feliz de la nominaci\u00f3n&#8221;, se\u00f1al\u00f3. &#8220;Estamos muy emocionados, es una pel\u00edcula hermosa&#8221;.<\/p>\n\n\n\n<p>Juan Pablo Medina se encuentra en uno de los momentos m\u00e1s complicados en su vida, debido a que le fue amputada una de sus piernas luego de que fuera hospitalizado de emergencia debido a una trombosis.<\/p>\n\n\n\n<p>Durante el anuncio a los premios que entrega la Academia Mexicana de Artes y Ciencias Cinematogr\u00e1ficas (AMACC) y que se transmitir\u00e1n el pr\u00f3ximo 25 de septiembre, llam\u00f3 la atenci\u00f3n la presencia de seis nominados precisamente en la categor\u00eda de Mejor actor, donde Medina competir\u00e1 con Alfonso Herrera (&#8220;El baile de los 41&#8221;), Armando Espitia (&#8220;Te llevo conmigo&#8221;), Demi\u00e1n Bichir (&#8220;Danyka&#8217;), Fernando Cuautle (&#8220;Nuevo Orden&#8221;) y Lazaro Gabino Rodr\u00edguez (&#8220;Fauna&#8221;).<\/p>\n\n\n\n<p>Al respecto, M\u00f3nica Lozano, la presidenta de la AMACC explic\u00f3 al finalizar el anunci\u00f3 en una peque\u00f1a conferencia de prensa:<\/p>\n\n\n\n<p>&#8220;Cu\u00e1ndo han visto que hay seis nombres cuando normalmente son 5 nominados por categor\u00eda, es porque hubo empate. En ese caso reconoce el empate y quedan&nbsp; nominadas esas personas&#8221;.<\/p>\n","protected":false},"excerpt":{"rendered":"<p>Una de las sorpresas m\u00e1s positivas durante el anuncio de los nominados al Premio Ariel es la presencia del actor Juan Pablo Medina, quien competir\u00e1 a llevarse la estatuilla a Mejor Actor por su trabajo en &#8220;El club de los idealistas&#8221;. La comedia mexicana que habla sobre la amistad y los ideales que nacen en [&hellip;]<\/p>\n","protected":false},"author":81,"featured_media":178088,"comment_status":"closed","ping_status":"closed","sticky":false,"template":"","format":"standard","meta":{"footnotes":""},"categories":[38],"tags":[],"class_list":["post-178087","post","type-post","status-publish","format-standard","has-post-thumbnail","hentry","category-show"],"_links":{"self":[{"href":"https:\/\/plazajuarez.mx\/historico\/wp-json\/wp\/v2\/posts\/178087","targetHints":{"allow":["GET"]}}],"collection":[{"href":"https:\/\/plazajuarez.mx\/historico\/wp-json\/wp\/v2\/posts"}],"about":[{"href":"https:\/\/plazajuarez.mx\/historico\/wp-json\/wp\/v2\/types\/post"}],"author":[{"embeddable":true,"href":"https:\/\/plazajuarez.mx\/historico\/wp-json\/wp\/v2\/users\/81"}],"replies":[{"embeddable":true,"href":"https:\/\/plazajuarez.mx\/historico\/wp-json\/wp\/v2\/comments?post=178087"}],"version-history":[{"count":0,"href":"https:\/\/plazajuarez.mx\/historico\/wp-json\/wp\/v2\/posts\/178087\/revisions"}],"wp:featuredmedia":[{"embeddable":true,"href":"https:\/\/plazajuarez.mx\/historico\/wp-json\/wp\/v2\/media\/178088"}],"wp:attachment":[{"href":"https:\/\/plazajuarez.mx\/historico\/wp-json\/wp\/v2\/media?parent=178087"}],"wp:term":[{"taxonomy":"category","embeddable":true,"href":"https:\/\/plazajuarez.mx\/historico\/wp-json\/wp\/v2\/categories?post=178087"},{"taxonomy":"post_tag","embeddable":true,"href":"https:\/\/plazajuarez.mx\/historico\/wp-json\/wp\/v2\/tags?post=178087"}],"curies":[{"name":"wp","href":"https:\/\/api.w.org\/{rel}","templated":true}]}}