{"id":178012,"date":"2021-08-20T06:00:00","date_gmt":"2021-08-20T11:00:00","guid":{"rendered":"https:\/\/plazajuarez.mx\/?p=178012"},"modified":"2021-08-19T19:11:56","modified_gmt":"2021-08-20T00:11:56","slug":"nunca-negamos-que-vamos-por-el-poder-para-ponerlo-al-servicio-del-pueblo","status":"publish","type":"post","link":"https:\/\/plazajuarez.mx\/historico\/nunca-negamos-que-vamos-por-el-poder-para-ponerlo-al-servicio-del-pueblo\/","title":{"rendered":"\u201cNunca negamos que vamos por el poder&#8230; para ponerlo al servicio del pueblo\u201d"},"content":{"rendered":"\n<p>\u201cNunca negamos que&nbsp; vamos por el poder&#8230; para ponerlo al servicio del pueblo\u201d, expres\u00f3 Andr\u00e9s Caballero, Presidente del Consejo Estatal de Morena, al afirmar que buscar\u00e1n presidir durante tres a\u00f1os la Junta de Gobierno de la 65 Legislatura del Congreso del estado, lo anterior&nbsp; durante la entrega de constancias a los siete diputados plurinominales del partido Morena, en el Instituto Estatal Electoral (IEEH).<\/p>\n\n\n\n<p>Por su parte y respecto a la 65 legislatura, Sandra Alicia Ordo\u00f1ez, Presidenta del Comit\u00e9 Ejecutivo Estatal de Morena en Hidalgo, expres\u00f3: \u201cva a iniciar con procesos de alternancia\u201d&nbsp; y explic\u00f3 que \u201clos compa\u00f1eros de la 64 han hecho trabajos in\u00e9ditos\u201d.&nbsp;<\/p>\n\n\n\n<p>Caballero detall\u00f3 que a los siete plurinominales se suman cinco diputados electos: \u201cnos alzamos con 12 diputados de los 30 que hay en la c\u00e1mara&#8221;, y presumi\u00f3&nbsp; que junto&nbsp; con los diputados aliados electos de los partidos:&nbsp; Verde Ecologista de M\u00e9xico (PVEM),&nbsp; del Trabajo (PT) y&nbsp; Nueva Alianza Hidalgo (PNAH) ,&nbsp; tendr\u00e1n mayor\u00eda calificada&nbsp; ya que en total suman 20 diputados y Diputadas con los que asegur\u00f3 &#8220;son suficientes&nbsp; para poder transitar los postulados de la agenda legislativa de la cuarta transformaci\u00f3n\u201d.<\/p>\n\n\n\n<p>Ordo\u00f1ez reafirm\u00f3 que esto los direccionar\u00e1 para las elecciones del pr\u00f3ximo a\u00f1o: \u201ctenemos una mayor\u00eda y estamos confiados en que esto es un paso trascendental para la gubernatura\u201d.&nbsp;<\/p>\n\n\n\n<p>As\u00ed mismo, Caballero inform\u00f3 que&nbsp; en breve iniciar\u00e1n una intensa actividad de sensibilizaci\u00f3n y concientizaci\u00f3n a los hidalguenses sobre la consulta popular de revocaci\u00f3n de mandato.<\/p>\n\n\n\n<p>Las constancias de diputaci\u00f3n plurinominal fueron otorgadas a Francisco Xavier Berganza; a quien presentaron como coordinador de la bancada; Lucrecia Hern\u00e1ndez Romualdo, Luis \u00c1ngel Tenorio Cruz, Sharon Macotela Cisneros, Timoteo L\u00f3pez P\u00e9rez, Mar\u00eda Teresa Lourdes Mora Hern\u00e1ndez, y Adelfa Zu\u00f1iga Fuentes.<\/p>\n","protected":false},"excerpt":{"rendered":"<p>\u201cNunca negamos que&nbsp; vamos por el poder&#8230; para ponerlo al servicio del pueblo\u201d, expres\u00f3 Andr\u00e9s Caballero, Presidente del Consejo Estatal de Morena, al afirmar que buscar\u00e1n presidir durante tres a\u00f1os la Junta de Gobierno de la 65 Legislatura del Congreso del estado, lo anterior&nbsp; durante la entrega de constancias a los siete diputados plurinominales del [&hellip;]<\/p>\n","protected":false},"author":101,"featured_media":178013,"comment_status":"closed","ping_status":"closed","sticky":false,"template":"","format":"standard","meta":{"footnotes":""},"categories":[15,59,2159],"tags":[],"class_list":["post-178012","post","type-post","status-publish","format-standard","has-post-thumbnail","hentry","category-destacadas","category-general","category-noticias-de-hidalgo"],"_links":{"self":[{"href":"https:\/\/plazajuarez.mx\/historico\/wp-json\/wp\/v2\/posts\/178012","targetHints":{"allow":["GET"]}}],"collection":[{"href":"https:\/\/plazajuarez.mx\/historico\/wp-json\/wp\/v2\/posts"}],"about":[{"href":"https:\/\/plazajuarez.mx\/historico\/wp-json\/wp\/v2\/types\/post"}],"author":[{"embeddable":true,"href":"https:\/\/plazajuarez.mx\/historico\/wp-json\/wp\/v2\/users\/101"}],"replies":[{"embeddable":true,"href":"https:\/\/plazajuarez.mx\/historico\/wp-json\/wp\/v2\/comments?post=178012"}],"version-history":[{"count":0,"href":"https:\/\/plazajuarez.mx\/historico\/wp-json\/wp\/v2\/posts\/178012\/revisions"}],"wp:featuredmedia":[{"embeddable":true,"href":"https:\/\/plazajuarez.mx\/historico\/wp-json\/wp\/v2\/media\/178013"}],"wp:attachment":[{"href":"https:\/\/plazajuarez.mx\/historico\/wp-json\/wp\/v2\/media?parent=178012"}],"wp:term":[{"taxonomy":"category","embeddable":true,"href":"https:\/\/plazajuarez.mx\/historico\/wp-json\/wp\/v2\/categories?post=178012"},{"taxonomy":"post_tag","embeddable":true,"href":"https:\/\/plazajuarez.mx\/historico\/wp-json\/wp\/v2\/tags?post=178012"}],"curies":[{"name":"wp","href":"https:\/\/api.w.org\/{rel}","templated":true}]}}