{"id":178010,"date":"2021-08-19T18:56:50","date_gmt":"2021-08-19T23:56:50","guid":{"rendered":"https:\/\/plazajuarez.mx\/?p=178010"},"modified":"2021-08-19T18:57:06","modified_gmt":"2021-08-19T23:57:06","slug":"carta-para-el-regreso-a-clases-se-quito-informa-sep-a-gobernadores","status":"publish","type":"post","link":"https:\/\/plazajuarez.mx\/historico\/carta-para-el-regreso-a-clases-se-quito-informa-sep-a-gobernadores\/","title":{"rendered":"&#8220;Carta para el regreso a clases se quit\u00f3&#8221;, informa SEP a gobernadores"},"content":{"rendered":"\n<p>La titular de la Secretar\u00eda de Educaci\u00f3n P\u00fablica (SEP), Delfina G\u00f3mez, notific\u00f3 a las 32 gobernadoras y gobernadores del pa\u00eds que la carta compromiso que deb\u00edan firmar los padres de familia como un requisito para el regreso a clases el pr\u00f3ximo 30 de agosto fue quitado para que no se preste como una falta de confianza o una preocupaci\u00f3n para las jefas y jefes de familia.<\/p>\n\n\n\n<p>Al participar en la reuni\u00f3n semanal con los integrantes de la Conferencia Nacional de Gobernadores (Conago), Delfina G\u00f3mez acept\u00f3 que la carta compromiso del dec\u00e1logo para el regreso a clases gener\u00f3 confusi\u00f3n y por eso se decidi\u00f3 quitarla.<\/p>\n\n\n\n<p>&#8220;La carta que anduvo mucho en todos los medios y hubo mucha confusi\u00f3n, lo que se hac\u00eda en ese documento era precisamente decirle a los padres de familia que checaran esos pasos, pero al ver todo lo que gener\u00f3, efectivamente se toma la decisi\u00f3n de quitarla, no se va a tomar como un requisito para que no se preste a una falta de confianza o una preocupaci\u00f3n de los padres.<\/p>\n\n\n\n<p>&#8220;Lo que queremos y lo que quiere el Presidente es propiciar todos los elementos y darles todas las facilidades a los ni\u00f1os y a los padres de familia para que regresen precisamente a las clases&#8221;, dijo Delfina G\u00f3mez ante los mandatarios estatales.<\/p>\n\n\n\n<p>En este contexto, la maestra Delfina G\u00f3mez ley\u00f3 el dec\u00e1logo y acept\u00f3 que uno de los requisitos es que los menores al interior de los planteles educativos, no tienen agua, y ah\u00ed est\u00e1n sugiriendo que se utilice el gel antibacterial.<\/p>\n\n\n\n<p>&#8220;Hemos visto la realidad, hay algunas escuelas que ni siquiera la comunidad tienen ni agua, o sea no solamente la escuela, sino hay comunidades que est\u00e1n sumamente alejadas, sobre todo, en lugares donde ha sido dif\u00edcil el acceso a lo que es el servicio de agua, y ante eso estamos solicitando el uso del gel antibacterial&#8221;, dijo Delfina G\u00f3mez.<\/p>\n","protected":false},"excerpt":{"rendered":"<p>La titular de la Secretar\u00eda de Educaci\u00f3n P\u00fablica (SEP), Delfina G\u00f3mez, notific\u00f3 a las 32 gobernadoras y gobernadores del pa\u00eds que la carta compromiso que deb\u00edan firmar los padres de familia como un requisito para el regreso a clases el pr\u00f3ximo 30 de agosto fue quitado para que no se preste como una falta de [&hellip;]<\/p>\n","protected":false},"author":80,"featured_media":160598,"comment_status":"closed","ping_status":"closed","sticky":false,"template":"","format":"standard","meta":{"footnotes":""},"categories":[1],"tags":[],"class_list":["post-178010","post","type-post","status-publish","format-standard","has-post-thumbnail","hentry","category-uncategorized"],"_links":{"self":[{"href":"https:\/\/plazajuarez.mx\/historico\/wp-json\/wp\/v2\/posts\/178010","targetHints":{"allow":["GET"]}}],"collection":[{"href":"https:\/\/plazajuarez.mx\/historico\/wp-json\/wp\/v2\/posts"}],"about":[{"href":"https:\/\/plazajuarez.mx\/historico\/wp-json\/wp\/v2\/types\/post"}],"author":[{"embeddable":true,"href":"https:\/\/plazajuarez.mx\/historico\/wp-json\/wp\/v2\/users\/80"}],"replies":[{"embeddable":true,"href":"https:\/\/plazajuarez.mx\/historico\/wp-json\/wp\/v2\/comments?post=178010"}],"version-history":[{"count":0,"href":"https:\/\/plazajuarez.mx\/historico\/wp-json\/wp\/v2\/posts\/178010\/revisions"}],"wp:featuredmedia":[{"embeddable":true,"href":"https:\/\/plazajuarez.mx\/historico\/wp-json\/wp\/v2\/media\/160598"}],"wp:attachment":[{"href":"https:\/\/plazajuarez.mx\/historico\/wp-json\/wp\/v2\/media?parent=178010"}],"wp:term":[{"taxonomy":"category","embeddable":true,"href":"https:\/\/plazajuarez.mx\/historico\/wp-json\/wp\/v2\/categories?post=178010"},{"taxonomy":"post_tag","embeddable":true,"href":"https:\/\/plazajuarez.mx\/historico\/wp-json\/wp\/v2\/tags?post=178010"}],"curies":[{"name":"wp","href":"https:\/\/api.w.org\/{rel}","templated":true}]}}