{"id":178001,"date":"2021-08-19T18:22:50","date_gmt":"2021-08-19T23:22:50","guid":{"rendered":"https:\/\/plazajuarez.mx\/?p=178001"},"modified":"2021-08-19T18:23:06","modified_gmt":"2021-08-19T23:23:06","slug":"mexico-suma-850-nuevas-muertes-y-23-006-contagios-por-coronavirus","status":"publish","type":"post","link":"https:\/\/plazajuarez.mx\/historico\/mexico-suma-850-nuevas-muertes-y-23-006-contagios-por-coronavirus\/","title":{"rendered":"M\u00e9xico suma 850 nuevas muertes y 23.006 contagios por coronavirus"},"content":{"rendered":"\n<p>La Secretar\u00eda de Salud de M\u00e9xico report\u00f3 este jueves 850 nuevas muertes por covid-19 hasta alcanzar las 251.319, adem\u00e1s de 23.006 nuevos casos para un total de 3.175.211 contagios.<\/p>\n\n\n\n<p>En plena tercera ola de la pandemia en el pa\u00eds, el mi\u00e9rcoles M\u00e9xico super\u00f3 los 250.000 muertos confirmados en la misma jornada en que bati\u00f3 un r\u00e9cord hist\u00f3rico de contagios diarios, con 28.953 nuevos casos, y alcanz\u00f3 la mayor cifra de muertes de la tercera ola, con 940.<\/p>\n\n\n\n<p>Adem\u00e1s, se hab\u00edan registrado la semana pasada cuatro d\u00edas con cifras superiores a los 22.000 casos.<\/p>\n\n\n\n<p>Con estos registros, M\u00e9xico se mantiene como el cuarto pa\u00eds del mundo con m\u00e1s muertes por covid-19, por detr\u00e1s de Estados Unidos, Brasil y la India, y el decimoquinto en n\u00famero de contagios confirmados, seg\u00fan el recuento de la Universidad Johns Hopkins.<\/p>\n\n\n\n<p>Las autoridades sanitarias creen que, con base en las actas de defunci\u00f3n, la pandemia ha dejado m\u00e1s de 350.000 muertos en el pa\u00eds y estiman que M\u00e9xico acumula en realidad 3.382.638 casos de contagio.<\/p>\n\n\n\n<p>De esta cifra, 149.500 son los casos activos, que han presentado s\u00edntomas durante los \u00faltimos 14 d\u00edas y que suponen el 4,4 % del total.<\/p>\n\n\n\n<p>Mientras que desde el inicio de la pandemia se han recuperado 2.503.833 personas.<\/p>\n\n\n\n<p>La ocupaci\u00f3n media de camas generales en los hospitales mexicanos es del 54 %, y del 48 % para camas de terapia intensiva.<\/p>\n\n\n\n<p>Con respecto a las defunciones, Ciudad de M\u00e9xico -el foco de la pandemia- acumula el 19 % de todos los decesos a nivel nacional; es decir, casi una de cada cinco muertes.<\/p>\n\n\n\n<p>Hace dos d\u00edas, el Gobierno mexicano afirm\u00f3 que ve pr\u00f3ximo el &#8220;declive&#8221; de la tercera ola de la covid-19 a pesar de los registros recientes de contagios y defunciones.<\/p>\n\n\n\n<p>PLAN DE VACUNACI\u00d3N<\/p>\n\n\n\n<p>Las autoridades tambi\u00e9n indicaron que hasta ahora el programa de vacunaci\u00f3n, que contempla a todos los mayores de 18 a\u00f1os, ha administrado 79,39 millones de dosis de la vacuna contra la covid-19, al sumar 634.325 en la \u00faltima jornada.<\/p>\n\n\n\n<p>El reporte tambi\u00e9n precis\u00f3 que 30,21 millones de personas han completado la pauta de vacunaci\u00f3n, de 126 millones de habitantes que tiene el pa\u00eds.<\/p>\n\n\n\n<p>Desde el 23 de diciembre de 2020, el pa\u00eds ha recibido 93,99 millones de dosis de la brit\u00e1nica AstraZeneca, la rusa Sputnik V, las estadounidenses Pfizer y Johnson &amp; Johnson, adem\u00e1s de las chinas CanSino y Sinovac.<\/p>\n","protected":false},"excerpt":{"rendered":"<p>La Secretar\u00eda de Salud de M\u00e9xico report\u00f3 este jueves 850 nuevas muertes por covid-19 hasta alcanzar las 251.319, adem\u00e1s de 23.006 nuevos casos para un total de 3.175.211 contagios. En plena tercera ola de la pandemia en el pa\u00eds, el mi\u00e9rcoles M\u00e9xico super\u00f3 los 250.000 muertos confirmados en la misma jornada en que bati\u00f3 un [&hellip;]<\/p>\n","protected":false},"author":80,"featured_media":178006,"comment_status":"closed","ping_status":"closed","sticky":false,"template":"","format":"standard","meta":{"footnotes":""},"categories":[2141,15,36],"tags":[],"class_list":["post-178001","post","type-post","status-publish","format-standard","has-post-thumbnail","hentry","category-covid-19","category-destacadas","category-nacion"],"_links":{"self":[{"href":"https:\/\/plazajuarez.mx\/historico\/wp-json\/wp\/v2\/posts\/178001","targetHints":{"allow":["GET"]}}],"collection":[{"href":"https:\/\/plazajuarez.mx\/historico\/wp-json\/wp\/v2\/posts"}],"about":[{"href":"https:\/\/plazajuarez.mx\/historico\/wp-json\/wp\/v2\/types\/post"}],"author":[{"embeddable":true,"href":"https:\/\/plazajuarez.mx\/historico\/wp-json\/wp\/v2\/users\/80"}],"replies":[{"embeddable":true,"href":"https:\/\/plazajuarez.mx\/historico\/wp-json\/wp\/v2\/comments?post=178001"}],"version-history":[{"count":0,"href":"https:\/\/plazajuarez.mx\/historico\/wp-json\/wp\/v2\/posts\/178001\/revisions"}],"wp:featuredmedia":[{"embeddable":true,"href":"https:\/\/plazajuarez.mx\/historico\/wp-json\/wp\/v2\/media\/178006"}],"wp:attachment":[{"href":"https:\/\/plazajuarez.mx\/historico\/wp-json\/wp\/v2\/media?parent=178001"}],"wp:term":[{"taxonomy":"category","embeddable":true,"href":"https:\/\/plazajuarez.mx\/historico\/wp-json\/wp\/v2\/categories?post=178001"},{"taxonomy":"post_tag","embeddable":true,"href":"https:\/\/plazajuarez.mx\/historico\/wp-json\/wp\/v2\/tags?post=178001"}],"curies":[{"name":"wp","href":"https:\/\/api.w.org\/{rel}","templated":true}]}}