{"id":177990,"date":"2021-08-19T17:57:24","date_gmt":"2021-08-19T22:57:24","guid":{"rendered":"https:\/\/plazajuarez.mx\/?p=177990"},"modified":"2021-08-19T17:57:41","modified_gmt":"2021-08-19T22:57:41","slug":"lopez-gatell-rechaza-que-se-vaya-a-imponer-vacunacion-en-menores","status":"publish","type":"post","link":"https:\/\/plazajuarez.mx\/historico\/lopez-gatell-rechaza-que-se-vaya-a-imponer-vacunacion-en-menores\/","title":{"rendered":"L\u00f3pez-Gatell rechaza que se vaya a imponer vacunaci\u00f3n en menores"},"content":{"rendered":"\n<p>Al asegurar que M\u00e9xico vacuna a m\u00e1s ciudadanos que Estados Unidos al d\u00eda, el subsecretario de Prevenci\u00f3n y Promoci\u00f3n de la Salud de la Secretar\u00eda de Salud, Hugo L\u00f3pez-Gatell, rechaz\u00f3 que M\u00e9xico vaya a imponer la vacunaci\u00f3n en menores de 18 a\u00f1os ante el inminente regreso a clases programado para el pr\u00f3ximo lunes 30 de agosto.<\/p>\n\n\n\n<p>En su reuni\u00f3n semanal con los gobernadores integrantes de la Conferencia Nacional de Gobernadores (Conago), L\u00f3pez-Gatell explic\u00f3 que los menores de 18 a\u00f1os tienen un riesgo sumamente bajo en las estad\u00edsticas de hospitalizaci\u00f3n o mortandad por Covid-19.<\/p>\n\n\n\n<p>&#8220;Lo mismo ocurre en la vacunaci\u00f3n en menores. No existe demostraci\u00f3n o ni siquiera indicios, planteamientos t\u00e9cnicos en la comunidad de salud p\u00fablica global y nacional que sugiera que vacunar a ni\u00f1os es necesario para lograr un control epid\u00e9mico, por dos razones fundamentales: de manera muy afortunada los menores de 18 a\u00f1os tienen un riesgo de enfermedad relevante, es decir, la enfermedad que requiere hospitalizaci\u00f3n o que puede causar la muerte, muy muy muy muy bajo.<\/p>\n\n\n\n<p>&#8220;El martes habl\u00e1bamos de la cifra concreta que tenemos registrada y es 0.004% de enfermedad (\u2026) en ni\u00f1os, 0.004%, entonces el riesgo es sumamente bajo, y por lo tanto, no es un objetivo de salud p\u00fablica trascedente, desde el punto de vista poblacional esa vacunaci\u00f3n&#8221;, dijo L\u00f3pez-Gatell.<\/p>\n\n\n\n<p>Asimismo, en este encuentro con gobernadores, el funcionario federal acept\u00f3 que las vacunas no tienen la capacidad de inhibir la transmisi\u00f3n de la infecci\u00f3n del virus del Covid, y reiter\u00f3 que solamente las personas con las dosis aplicadas no se enfermar\u00e1n gravemente o no morir\u00e1n.<\/p>\n\n\n\n<p>&#8220;Lo segundo importante es que las vacunas no tienen la capacidad demostrada de inhibir la transmisi\u00f3n, aunque la persona ya no se va a enfermedad y no se va a enfermar gravemente o incluso hasta morir, puede seguir teniendo infecci\u00f3n y transmisi\u00f3n, infecci\u00f3n no es sin\u00f3nimo de enfermedad, y puede seguir transmitiendo, por lo tanto, la comunidad escolar, los ni\u00f1os pueden, desde luego, seguir transmitiendo, y tambi\u00e9n las personas adultas, desde luego las personas adultas de las comunidades escolares que son m\u00e1s de 3 millones de personas fueron vacunadas precisamente con muchas anticipaci\u00f3n de la apertura de escuelas&#8221;, explic\u00f3.<\/p>\n\n\n\n<p>Reiter\u00f3 la decisi\u00f3n de que se reabran las escuelas, pues no se debe suponer que no pasa nada con que los ni\u00f1os est\u00e9n en sus casas, y celebr\u00f3 la decisi\u00f3n del estado de Guanajuato de abrir las escuelas, pues se mantuvo firme en eso, muy organizados y consistentes.<\/p>\n\n\n\n<p>&#8220;Y nos permitieron demostrar para todo el pa\u00eds que el riesgo es muy menor respecto de la enfermedad grave en contagios y en cambio es muy beneficio ya reincorporarnos a la normalidad. Sobre los sem\u00e1foros regionalizados tambi\u00e9n igual que en otras ocasiones como en el caso de Yucat\u00e1n, Chihuahua, que han planteado estados esquemas, Tamaulipas mismo, nos parece tambi\u00e9n apropiado&#8221;, dijo el funcionario federal.<\/p>\n\n\n\n<p>Asegur\u00f3 que hay una campa\u00f1a de publicidad y segmentos comerciales la idea de aplicar una dosis de refuerzo de las vacunas contra el Covid-19 a los seis meses, pues dijo que no hay evidencia cient\u00edfica de esto.<\/p>\n\n\n\n<p>&#8220;No hay la necesidad de una segunda dosis, y en general dosis de refuerzo para cualquier vacuna, es muy claro que la evidencia cient\u00edfica es incompleta, pero adem\u00e1s que est\u00e1 siendo utilizada con otros prop\u00f3sitos que no son cient\u00edficos-t\u00e9cnicos y de salud p\u00fablica, la narrativa p\u00fablica que se construye y que se tiene a la mano, no hay que hacer demasiado esfuerzo para ver que proviene de los segmentos comerciales.<\/p>\n\n\n\n<p>&#8220;Las \u00e1reas de mercadeo son las que posicionan boletines, opiniones, conferencias de prensa, hablando de que se necesitan dosis de refuerzo, en el caso de Cansino es clar\u00edsimo porque ellos mismos se hicieron responsables de la divulgaci\u00f3n de comunicados de prensa que hablan de segunda dosis&#8221;, dijo L\u00f3pez-Gatell.<\/p>\n","protected":false},"excerpt":{"rendered":"<p>Al asegurar que M\u00e9xico vacuna a m\u00e1s ciudadanos que Estados Unidos al d\u00eda, el subsecretario de Prevenci\u00f3n y Promoci\u00f3n de la Salud de la Secretar\u00eda de Salud, Hugo L\u00f3pez-Gatell, rechaz\u00f3 que M\u00e9xico vaya a imponer la vacunaci\u00f3n en menores de 18 a\u00f1os ante el inminente regreso a clases programado para el pr\u00f3ximo lunes 30 de [&hellip;]<\/p>\n","protected":false},"author":80,"featured_media":146663,"comment_status":"closed","ping_status":"closed","sticky":false,"template":"","format":"standard","meta":{"footnotes":""},"categories":[2141,36],"tags":[],"class_list":["post-177990","post","type-post","status-publish","format-standard","has-post-thumbnail","hentry","category-covid-19","category-nacion"],"_links":{"self":[{"href":"https:\/\/plazajuarez.mx\/historico\/wp-json\/wp\/v2\/posts\/177990","targetHints":{"allow":["GET"]}}],"collection":[{"href":"https:\/\/plazajuarez.mx\/historico\/wp-json\/wp\/v2\/posts"}],"about":[{"href":"https:\/\/plazajuarez.mx\/historico\/wp-json\/wp\/v2\/types\/post"}],"author":[{"embeddable":true,"href":"https:\/\/plazajuarez.mx\/historico\/wp-json\/wp\/v2\/users\/80"}],"replies":[{"embeddable":true,"href":"https:\/\/plazajuarez.mx\/historico\/wp-json\/wp\/v2\/comments?post=177990"}],"version-history":[{"count":0,"href":"https:\/\/plazajuarez.mx\/historico\/wp-json\/wp\/v2\/posts\/177990\/revisions"}],"wp:featuredmedia":[{"embeddable":true,"href":"https:\/\/plazajuarez.mx\/historico\/wp-json\/wp\/v2\/media\/146663"}],"wp:attachment":[{"href":"https:\/\/plazajuarez.mx\/historico\/wp-json\/wp\/v2\/media?parent=177990"}],"wp:term":[{"taxonomy":"category","embeddable":true,"href":"https:\/\/plazajuarez.mx\/historico\/wp-json\/wp\/v2\/categories?post=177990"},{"taxonomy":"post_tag","embeddable":true,"href":"https:\/\/plazajuarez.mx\/historico\/wp-json\/wp\/v2\/tags?post=177990"}],"curies":[{"name":"wp","href":"https:\/\/api.w.org\/{rel}","templated":true}]}}