{"id":177971,"date":"2021-08-19T17:41:35","date_gmt":"2021-08-19T22:41:35","guid":{"rendered":"https:\/\/plazajuarez.mx\/?p=177971"},"modified":"2021-08-19T17:41:44","modified_gmt":"2021-08-19T22:41:44","slug":"declaran-patrimonio-cultural-a-las-peleas-de-gallos","status":"publish","type":"post","link":"https:\/\/plazajuarez.mx\/historico\/declaran-patrimonio-cultural-a-las-peleas-de-gallos\/","title":{"rendered":"Declaran patrimonio cultural a las peleas de gallos"},"content":{"rendered":"\n<p>Luego de que el gobernador del estado, Omar Fayad Meneses, ejerciera su derecho de veto en contra de la iniciativa que declara a los Combates de Aves como Patrimonio Cultural Inmaterial del Estado de Hidalgo, la propuesta se regres\u00f3 al Congreso Local y se dictamin\u00f3 con 24 votos a favor y uno en contra, este \u00faltimo de la diputada del Partido Revolucionario Institucional (PRI) Mar\u00eda Luisa P\u00e9rez Persuqu\u00eda.<\/p>\n\n\n\n<p>Lo anterior se da a unos d\u00edas de que los diputados integrantes de la 64 legislatura dejen el cargo por lo que buscan sacar temas que hab\u00edan quedado pendientes y que forman parte de los compromisos hechos con los diversos sectores de la poblaci\u00f3n, por lo que dicho dictamen tras haber sido vetado y luego nuevamente revisado y aprobado tendr\u00e1 que pasar directo a su publicaci\u00f3n ya que en la segunda ronda de votaci\u00f3n tuvo m\u00e1s de 20 votos a favor.<\/p>\n\n\n\n<p>Por su parte organizaciones ambientalistas de Hidalgo emitieron una campa\u00f1a para eludir este tipo de pr\u00e1cticas y as\u00ed evadir lo que dijeron: \u201ces violencia\u201d.\u00a0<\/p>\n\n\n\n<p>Cabe destacar que parte del argumento que el gobernador de la entidad hab\u00eda emitido para vetar la ley fue el siguiente: \u201ccualquier pr\u00e1ctica que suponga el maltrato y el sufrimiento innecesario de los animales no puede considerarse una expresi\u00f3n cultural amparada ni prima facie ni de manera definitiva por la Constituci\u00f3n\u201d.<\/p>\n\n\n\n<p>Y destac\u00f3 que en ese tenor, el decreto n\u00famero 732, que declara a los combates de aves como Patrimonio Cultural Inmaterial del Estado de Hidalgo; por una parte, transgrede la esfera de atribuciones del Poder Ejecutivo Estatal, en virtud de las disposiciones transcritas, cuya letra revela sin lugar a dudas, la potestad que le compete en esta materia; y por otra, no puede concebirse a las peleas de gallos, como una expresi\u00f3n cultural, ello con base los criterios emitidos y desarrollados por la Primera Sala de la Suprema Corte de Justicia de la Naci\u00f3n (SCJN), en los t\u00e9rminos apuntados supra l\u00edneas.<\/p>\n","protected":false},"excerpt":{"rendered":"<p>Luego de que el gobernador del estado, Omar Fayad Meneses, ejerciera su derecho de veto en contra de la iniciativa que declara a los Combates de Aves como Patrimonio Cultural Inmaterial del Estado de Hidalgo, la propuesta se regres\u00f3 al Congreso Local y se dictamin\u00f3 con 24 votos a favor y uno en contra, este [&hellip;]<\/p>\n","protected":false},"author":72,"featured_media":177973,"comment_status":"closed","ping_status":"closed","sticky":false,"template":"","format":"standard","meta":{"footnotes":""},"categories":[15,59,2159],"tags":[],"class_list":["post-177971","post","type-post","status-publish","format-standard","has-post-thumbnail","hentry","category-destacadas","category-general","category-noticias-de-hidalgo"],"_links":{"self":[{"href":"https:\/\/plazajuarez.mx\/historico\/wp-json\/wp\/v2\/posts\/177971","targetHints":{"allow":["GET"]}}],"collection":[{"href":"https:\/\/plazajuarez.mx\/historico\/wp-json\/wp\/v2\/posts"}],"about":[{"href":"https:\/\/plazajuarez.mx\/historico\/wp-json\/wp\/v2\/types\/post"}],"author":[{"embeddable":true,"href":"https:\/\/plazajuarez.mx\/historico\/wp-json\/wp\/v2\/users\/72"}],"replies":[{"embeddable":true,"href":"https:\/\/plazajuarez.mx\/historico\/wp-json\/wp\/v2\/comments?post=177971"}],"version-history":[{"count":0,"href":"https:\/\/plazajuarez.mx\/historico\/wp-json\/wp\/v2\/posts\/177971\/revisions"}],"wp:featuredmedia":[{"embeddable":true,"href":"https:\/\/plazajuarez.mx\/historico\/wp-json\/wp\/v2\/media\/177973"}],"wp:attachment":[{"href":"https:\/\/plazajuarez.mx\/historico\/wp-json\/wp\/v2\/media?parent=177971"}],"wp:term":[{"taxonomy":"category","embeddable":true,"href":"https:\/\/plazajuarez.mx\/historico\/wp-json\/wp\/v2\/categories?post=177971"},{"taxonomy":"post_tag","embeddable":true,"href":"https:\/\/plazajuarez.mx\/historico\/wp-json\/wp\/v2\/tags?post=177971"}],"curies":[{"name":"wp","href":"https:\/\/api.w.org\/{rel}","templated":true}]}}