{"id":177801,"date":"2021-08-18T21:10:34","date_gmt":"2021-08-19T02:10:34","guid":{"rendered":"https:\/\/plazajuarez.mx\/?p=177801"},"modified":"2021-08-18T21:10:45","modified_gmt":"2021-08-19T02:10:45","slug":"logra-hidalgo-vinculos-para-transferencia-de-conocimiento","status":"publish","type":"post","link":"https:\/\/plazajuarez.mx\/historico\/logra-hidalgo-vinculos-para-transferencia-de-conocimiento\/","title":{"rendered":"LOGRA HIDALGO V\u00cdNCULOS PARA TRANSFERENCIA DE CONOCIMIENTO"},"content":{"rendered":"\n<p>El gobernador Omar Fayad firm\u00f3 acuerdos con el Valencia College de Florida y la Universidad Polit\u00e9cnica Campus Orlando, para la transferencia de conocimiento y el intercambio acad\u00e9mico con instituciones de Hidalgo.<\/p>\n\n\n\n<p>En el d\u00eda uno de su gira de trabajo \u201cSalud, ciencia y migraci\u00f3n\u201d, el mandatario estatal expres\u00f3 que es el primero de muchos logros significativos en materia de conocimiento que se tendr\u00e1n en su visita a Florida, Estados Unidos.<\/p>\n\n\n\n<p>\u201cTraemos una agenda de intercambio muy importante en materia de conocimiento ciencia y tecnolog\u00eda, hoy firmamos memor\u00e1ndums de entendimiento con el Valencia College y la Universidad Polit\u00e9cnica de Puerto Rico Campus Orlando\u201d, detall\u00f3.<\/p>\n\n\n\n<p>A partir de este momento, Hidalgo tiene en Valencia College y en la Universidad Polit\u00e9cnica de Puerto Rico Campus Orlando, un par de aliados internacionales m\u00e1s, para consolidar al estado como el centro de desarrollo intelectual y tecnol\u00f3gico m\u00e1s importante en la historia de M\u00e9xico.<\/p>\n\n\n\n<p>El gobernador agradeci\u00f3 el apoyo y acompa\u00f1amiento de la Secretar\u00eda de Relaciones Exteriores, del Instituto de los Mexicanos en el Exterior, y del Consulado de M\u00e9xico en Orlando, para la realizaci\u00f3n de esta gira de trabajo por Florida.<\/p>\n\n\n\n<p>\u201cAgradezco profundamente al canciller Marcelo Ebrard; a Luis Guti\u00e9rrez, a Juan Sabines, a Ximena Escobedo, y a todos sus equipos por compartir la visi\u00f3n de Hidalgo por la ciencia y la tecnolog\u00eda como v\u00edas para mejorar las condiciones acad\u00e9micas, de salud y bienestar de las personas\u201d, puntualiz\u00f3.<\/p>\n","protected":false},"excerpt":{"rendered":"<p>El gobernador Omar Fayad firm\u00f3 acuerdos con el Valencia College de Florida y la Universidad Polit\u00e9cnica Campus Orlando, para la transferencia de conocimiento y el intercambio acad\u00e9mico con instituciones de Hidalgo. En el d\u00eda uno de su gira de trabajo \u201cSalud, ciencia y migraci\u00f3n\u201d, el mandatario estatal expres\u00f3 que es el primero de muchos logros [&hellip;]<\/p>\n","protected":false},"author":93,"featured_media":177802,"comment_status":"closed","ping_status":"closed","sticky":false,"template":"","format":"standard","meta":{"footnotes":""},"categories":[15,59],"tags":[],"class_list":["post-177801","post","type-post","status-publish","format-standard","has-post-thumbnail","hentry","category-destacadas","category-general"],"_links":{"self":[{"href":"https:\/\/plazajuarez.mx\/historico\/wp-json\/wp\/v2\/posts\/177801","targetHints":{"allow":["GET"]}}],"collection":[{"href":"https:\/\/plazajuarez.mx\/historico\/wp-json\/wp\/v2\/posts"}],"about":[{"href":"https:\/\/plazajuarez.mx\/historico\/wp-json\/wp\/v2\/types\/post"}],"author":[{"embeddable":true,"href":"https:\/\/plazajuarez.mx\/historico\/wp-json\/wp\/v2\/users\/93"}],"replies":[{"embeddable":true,"href":"https:\/\/plazajuarez.mx\/historico\/wp-json\/wp\/v2\/comments?post=177801"}],"version-history":[{"count":0,"href":"https:\/\/plazajuarez.mx\/historico\/wp-json\/wp\/v2\/posts\/177801\/revisions"}],"wp:featuredmedia":[{"embeddable":true,"href":"https:\/\/plazajuarez.mx\/historico\/wp-json\/wp\/v2\/media\/177802"}],"wp:attachment":[{"href":"https:\/\/plazajuarez.mx\/historico\/wp-json\/wp\/v2\/media?parent=177801"}],"wp:term":[{"taxonomy":"category","embeddable":true,"href":"https:\/\/plazajuarez.mx\/historico\/wp-json\/wp\/v2\/categories?post=177801"},{"taxonomy":"post_tag","embeddable":true,"href":"https:\/\/plazajuarez.mx\/historico\/wp-json\/wp\/v2\/tags?post=177801"}],"curies":[{"name":"wp","href":"https:\/\/api.w.org\/{rel}","templated":true}]}}