{"id":1778,"date":"2015-03-05T06:00:00","date_gmt":"2015-03-05T06:00:00","guid":{"rendered":"http:\/\/plazajuarez.mx\/index\/index.php\/2015\/03\/05\/el-estado-islamico-refuerza-su-poder-mas-alla-del-califato\/"},"modified":"2015-03-05T06:00:00","modified_gmt":"2015-03-05T06:00:00","slug":"el-estado-islamico-refuerza-su-poder-mas-alla-del-califato","status":"publish","type":"post","link":"https:\/\/plazajuarez.mx\/historico\/el-estado-islamico-refuerza-su-poder-mas-alla-del-califato\/","title":{"rendered":"El Estado Isl\u00e1mico refuerza  su poder m\u00e1s all\u00e1 del califato"},"content":{"rendered":"<ul>\n<li><strong>Refuerza su estructura y crea provincias en seis pa\u00edses vecinos<\/strong><\/li>\n<li><strong><strong>Los ataques de la coalici\u00f3n liderada por EEUU no logran detener su avance internacional<\/strong><\/strong> <!--more--> <\/li>\n<\/ul>\n<p>En el \u00faltimo medio a\u00f1o las huestes del Estado Isl\u00e1mico han ofrecido una feroz resistencia a los envites de la coalici\u00f3n internacional perge\u00f1ada desde Washington. Los cientos de bombardeos arrojados sobre sus confines no han impedido que la organizaci\u00f3n yihadista contin\u00fae cincelando su estructura territorial en Siria e Irak ni ha detenido la expansi\u00f3n internacional de su terror, con el fren\u00e9tico desfile de grupos jurando lealtad al autoproclamado califa Abu Bakr al Bagdadi y el establecimiento de provincias allende el califato, desde la amenazante orilla sur del Mediterr\u00e1neo a tierras curtidas en la &#8220;yihad&#8221; (guerra santa) como Afganist\u00e1n y Pakist\u00e1n.<\/p>\n<p>El af\u00e1n del EI por conquistar territorios y administrarlos ha colocado al movimiento a a\u00f1os luz de la que un d\u00eda fuera su matriz, Al Qaeda. &#8220;Los objetivos de Al Qaeda est\u00e1n en tierras controladas por otros. El EI, sin embargo, ha pasado de actuar como una guerrilla a disponer de un verdadero ej\u00e9rcito. No solo defiende su territorio sino que intenta expandirlo. De hecho, en los \u00faltimos meses ha logrado compensar sus p\u00e9rdidas en Irak ganando un 4% m\u00e1s de territorio en Siria&#8221;, se\u00f1ala Veryan Khan, directora editorial de TRAC (Consorcio de an\u00e1lisis e investigaci\u00f3n en terrorismo).<\/p>\n<p>El califato -instaurado el pasado junio con una narrativa especialmente seductora para quienes se lamentan por siglos de declive del mundo musulm\u00e1n- ha logrado trastocar el mapa de Oriente Pr\u00f3ximo. Una suerte de pa\u00eds, con una nueva organizaci\u00f3n, ha dinamitado el acuerdo Sykes-Picot. &#8220;Hay varias razones detr\u00e1s del establecimiento de provincias del Estado Isl\u00e1mico en Siria e Irak. En septiembre de 2014, por ejemplo, el grupo cre\u00f3 la provincia de Faluya para demostrar su control sobre la ciudad y sus alrededores y derrotar a movimientos rivales como el ej\u00e9rcito de Al Naqshbandia [integrado por miembros del disuelto partido Baaz de Sadam Husein] y Jaysh al Muyahidin&#8221;, detalla el reputado experto en yihadismo Ayman al Tamimi.<\/p>\n<p>&#8220;En el verano de 2014 -agrega- naci\u00f3 la provincia del \u00c9ufrates que incluye Albukamal en Siria y Al Qaim en Irak para enfatizar su discurso de ruptura de la frontera entre Irak y Siria&#8221;. Desde entonces el IS ha ido modelando su mapa con la instauraci\u00f3n de nuevas &#8220;wilayat&#8221; (provincias) modificando sensiblemente la estructura anterior. Las \u00faltimas, las provincias de Al Yazira y Tigris, fueron anunciadas los pasados 18 y 19 de febrero y se extienden por el norte de Irak. (Agencias)<\/p>\n","protected":false},"excerpt":{"rendered":"<p>Refuerza su estructura y crea provincias en seis pa\u00edses vecinos Los ataques de la coalici\u00f3n liderada por EEUU no logran detener su avance internacional<\/p>\n","protected":false},"author":93,"featured_media":0,"comment_status":"open","ping_status":"open","sticky":false,"template":"","format":"standard","meta":{"footnotes":""},"categories":[31],"tags":[],"class_list":["post-1778","post","type-post","status-publish","format-standard","hentry","category-orbe"],"_links":{"self":[{"href":"https:\/\/plazajuarez.mx\/historico\/wp-json\/wp\/v2\/posts\/1778","targetHints":{"allow":["GET"]}}],"collection":[{"href":"https:\/\/plazajuarez.mx\/historico\/wp-json\/wp\/v2\/posts"}],"about":[{"href":"https:\/\/plazajuarez.mx\/historico\/wp-json\/wp\/v2\/types\/post"}],"author":[{"embeddable":true,"href":"https:\/\/plazajuarez.mx\/historico\/wp-json\/wp\/v2\/users\/93"}],"replies":[{"embeddable":true,"href":"https:\/\/plazajuarez.mx\/historico\/wp-json\/wp\/v2\/comments?post=1778"}],"version-history":[{"count":0,"href":"https:\/\/plazajuarez.mx\/historico\/wp-json\/wp\/v2\/posts\/1778\/revisions"}],"wp:attachment":[{"href":"https:\/\/plazajuarez.mx\/historico\/wp-json\/wp\/v2\/media?parent=1778"}],"wp:term":[{"taxonomy":"category","embeddable":true,"href":"https:\/\/plazajuarez.mx\/historico\/wp-json\/wp\/v2\/categories?post=1778"},{"taxonomy":"post_tag","embeddable":true,"href":"https:\/\/plazajuarez.mx\/historico\/wp-json\/wp\/v2\/tags?post=1778"}],"curies":[{"name":"wp","href":"https:\/\/api.w.org\/{rel}","templated":true}]}}