{"id":177787,"date":"2021-08-18T17:22:10","date_gmt":"2021-08-18T22:22:10","guid":{"rendered":"https:\/\/plazajuarez.mx\/?p=177787"},"modified":"2021-08-18T17:22:24","modified_gmt":"2021-08-18T22:22:24","slug":"guatemala-pide-a-mexico-investigar-el-supuesto-secuestro-de-seis-migrantes","status":"publish","type":"post","link":"https:\/\/plazajuarez.mx\/historico\/guatemala-pide-a-mexico-investigar-el-supuesto-secuestro-de-seis-migrantes\/","title":{"rendered":"Guatemala pide a M\u00e9xico investigar el supuesto secuestro de seis migrantes"},"content":{"rendered":"\n<p>El Gobierno de Guatemala solicit\u00f3 a M\u00e9xico que investigue el supuesto secuestros de seis migrantes del pa\u00eds centroamericano, junto a un ciudadano de Honduras, seg\u00fan informaron este mi\u00e9rcoles fuentes diplom\u00e1ticas.<\/p>\n\n\n\n<p>El Ministerio de Relaciones Exteriores indic\u00f3 en un comunicado de prensa que, desde que recibieron la primera informaci\u00f3n sobre el supuesto secuestro, se pusieron en contacto con las autoridades mexicanas.<\/p>\n\n\n\n<p>Sin embargo, la Canciller\u00eda guatemalteca no especific\u00f3 cu\u00e1ndo se produjo el presunto secuestro de los migrantes, que buscaban llegar a Estados Unidos en busca de mejores condiciones de vida.<\/p>\n\n\n\n<p>Concretamente, el Ministerio de Relaciones Exteriores guatemalteco detall\u00f3 que contactaron a la Secretar\u00eda de Relaciones Exteriores de M\u00e9xico y le solicitaron que indaguen sobre este hecho a trav\u00e9s de las entidades correspondientes.<\/p>\n\n\n\n<p>&#8220;Se solicit\u00f3 a la Embajada de Guatemala en M\u00e9xico activar todos los mecanismos de comunicaci\u00f3n para facilitar a la contraparte mexicana toda la informaci\u00f3n que pudiera servir para la ubicaci\u00f3n de las personas afectadas&#8221;, se\u00f1ala el comunicado.<\/p>\n\n\n\n<p>En unos videos divulgados este mi\u00e9rcoles por la televisi\u00f3n guatemalteca se observa a un migrante pedir auxilio, mientras era amenazado con al menos tres armas de fuego.<\/p>\n\n\n\n<p>&#8220;Ay\u00fadenme por favor, si no me van a matar&#8221;, clama llorando el migrante, mientras se escucha a los supuestos secuestradores exigir el pago con insultos.<\/p>\n\n\n\n<p>De acuerdo a medios locales, los migrantes guatemaltecos y el hondure\u00f1o fueron raptados el fin de semana pasado.<\/p>\n\n\n\n<p>Al parecer los secuestradores exigen 1.000 d\u00f3lares por cada uno de los migrantes que tienen en su poder, hasta ahora en un lugar desconocido.<\/p>\n\n\n\n<p>Los seis guatemaltecos ser\u00edan originarios del municipio de Gual\u00e1n, del departamento oriental de Zacapa, de acuerdo con medios de comunicaci\u00f3n locales.<\/p>\n\n\n\n<p>El Ministerio del Exteriores guatemalteco dijo que mantienen una estrecha comunicaci\u00f3n con las autoridades mexicanas, con la embajada del pa\u00eds centroamericano y con la red consular para que se investigue m\u00e1s informaci\u00f3n sobre &#8220;este lamentable suceso&#8221;.<\/p>\n\n\n\n<p>Cada a\u00f1o, m\u00e1s de 300.000 guatemaltecos intentan emigrar de manera irregular a Estados Unidos para huir de la pobreza y la violencia en Guatemala, seg\u00fan c\u00e1lculos de diversos organismos internacionales.<\/p>\n\n\n\n<p>En enero pasado, 16 migrantes guatemaltecos fueron brutalmente asesinados en Tamaulipas, M\u00e9xico, supuestamente por un cartel del narcotr\u00e1fico local.<\/p>\n","protected":false},"excerpt":{"rendered":"<p>El Gobierno de Guatemala solicit\u00f3 a M\u00e9xico que investigue el supuesto secuestros de seis migrantes del pa\u00eds centroamericano, junto a un ciudadano de Honduras, seg\u00fan informaron este mi\u00e9rcoles fuentes diplom\u00e1ticas. El Ministerio de Relaciones Exteriores indic\u00f3 en un comunicado de prensa que, desde que recibieron la primera informaci\u00f3n sobre el supuesto secuestro, se pusieron en [&hellip;]<\/p>\n","protected":false},"author":80,"featured_media":177788,"comment_status":"closed","ping_status":"closed","sticky":false,"template":"","format":"standard","meta":{"footnotes":""},"categories":[31],"tags":[],"class_list":["post-177787","post","type-post","status-publish","format-standard","has-post-thumbnail","hentry","category-orbe"],"_links":{"self":[{"href":"https:\/\/plazajuarez.mx\/historico\/wp-json\/wp\/v2\/posts\/177787","targetHints":{"allow":["GET"]}}],"collection":[{"href":"https:\/\/plazajuarez.mx\/historico\/wp-json\/wp\/v2\/posts"}],"about":[{"href":"https:\/\/plazajuarez.mx\/historico\/wp-json\/wp\/v2\/types\/post"}],"author":[{"embeddable":true,"href":"https:\/\/plazajuarez.mx\/historico\/wp-json\/wp\/v2\/users\/80"}],"replies":[{"embeddable":true,"href":"https:\/\/plazajuarez.mx\/historico\/wp-json\/wp\/v2\/comments?post=177787"}],"version-history":[{"count":0,"href":"https:\/\/plazajuarez.mx\/historico\/wp-json\/wp\/v2\/posts\/177787\/revisions"}],"wp:featuredmedia":[{"embeddable":true,"href":"https:\/\/plazajuarez.mx\/historico\/wp-json\/wp\/v2\/media\/177788"}],"wp:attachment":[{"href":"https:\/\/plazajuarez.mx\/historico\/wp-json\/wp\/v2\/media?parent=177787"}],"wp:term":[{"taxonomy":"category","embeddable":true,"href":"https:\/\/plazajuarez.mx\/historico\/wp-json\/wp\/v2\/categories?post=177787"},{"taxonomy":"post_tag","embeddable":true,"href":"https:\/\/plazajuarez.mx\/historico\/wp-json\/wp\/v2\/tags?post=177787"}],"curies":[{"name":"wp","href":"https:\/\/api.w.org\/{rel}","templated":true}]}}