{"id":177778,"date":"2021-08-18T16:56:44","date_gmt":"2021-08-18T21:56:44","guid":{"rendered":"https:\/\/plazajuarez.mx\/?p=177778"},"modified":"2021-08-18T16:57:00","modified_gmt":"2021-08-18T21:57:00","slug":"anthony-mackie-tomara-el-relevo-de-chris-evans-en-captain-america-4","status":"publish","type":"post","link":"https:\/\/plazajuarez.mx\/historico\/anthony-mackie-tomara-el-relevo-de-chris-evans-en-captain-america-4\/","title":{"rendered":"Anthony Mackie tomar\u00e1 el relevo de Chris Evans en &#8220;Captain America 4&#8221;"},"content":{"rendered":"\n<p>El actor estadounidense Anthony Mackie ser\u00e1 el protagonista de la cuarta entrega de &#8220;Captain America&#8221;, la primera pel\u00edcula sobre este superh\u00e9roe de Marvel que no tendr\u00e1 a Chris Evans al frente del reparto.<\/p>\n\n\n\n<p>El portal Deadline se\u00f1al\u00f3 este mi\u00e9rcoles que Malcolm Spellman, y Dalan Musson se encargar\u00e1n del guion de esta cinta de la que no se sabe mucho m\u00e1s por ahora.<\/p>\n\n\n\n<p>Mackie ha interpretado al personaje de Falcon en varias pel\u00edculas del Universo Cinematogr\u00e1fico de Marvel (MCU, en ingl\u00e9s).<\/p>\n\n\n\n<p>Sin embargo, su rol adquiri\u00f3 un nuevo significado cuando en &#8220;Avengers: Endgame&#8221; (2019), la cinta en la que se despidi\u00f3 Chris Evans como Captain America, Falcon recibi\u00f3 el famoso escudo estrellado de este superh\u00e9roe.<\/p>\n\n\n\n<p>Los dilemas personales de Falcon sobre si deb\u00eda o no asumir el rol de Captain America fueron una parte fundamental de la serie de Disney+ &#8220;The Falcon and the Winter Soldier&#8221;, que se estren\u00f3 el pasado marzo.<\/p>\n\n\n\n<p>En cualquier caso, la poderosa imagen en &#8220;Avengers: Endgame&#8221; de un superh\u00e9roe negro con el escudo de Captain America, poco menos que el patriotismo estadounidense encarnado en una figura de Marvel, sirvi\u00f3 para continuar dialogando sobre el racismo a trav\u00e9s de las pel\u00edculas y series del MCU.<\/p>\n\n\n\n<p>&#8220;La raza es un asunto importante desde que Steve (Evans) le da a Sam (Falcon) el escudo. Sam es un hombre negro en EE.UU. y si piensas en 2020, ser un hombre negro en EE.UU. significa una existencia turbulenta, por decirlo suavemente&#8221;, argument\u00f3 Mackie en un encuentro con los medios en el que particip\u00f3 Efe.<\/p>\n\n\n\n<p>&#8220;Para Sam la pregunta es c\u00f3mo te levantas y representas a un pa\u00eds que nunca ha luchado por ti, que nunca te ha querido, que nunca te ha permitido la decencia de ser una persona y te ha esclavizado, que ha violado y saqueado b\u00e1sicamente tu tierra natal y tambi\u00e9n esa historia de ti mismo\u2026 \u00bfC\u00f3mo te levantas y representas eso?&#8221;, a\u00f1adi\u00f3.<\/p>\n\n\n\n<p>Captain America fue el personaje central de tres pel\u00edculas del MCU: &#8220;Captain America: The First Avenger&#8221; (2011), &#8220;Captain America: The Winter Soldier&#8221; (2014) y &#8220;Captain America: Civil War&#8221; (2016).<\/p>\n\n\n\n<p>Esta tercera pel\u00edcula se entendi\u00f3 pr\u00e1cticamente como una entrega m\u00e1s de los Avengers, ya que en ella aparec\u00edan casi todos los personajes del MCU: Iron Man (Robert Downey Jr.), Black Widow (Scarlett Johansson), Hawkeye (Jeremy Renner), Scarlet Witch (Elizabeth Olsen), Vision (Paul Bettany) o un joven y debutante Spider-Man (Tom Holland).<\/p>\n","protected":false},"excerpt":{"rendered":"<p>El actor estadounidense Anthony Mackie ser\u00e1 el protagonista de la cuarta entrega de &#8220;Captain America&#8221;, la primera pel\u00edcula sobre este superh\u00e9roe de Marvel que no tendr\u00e1 a Chris Evans al frente del reparto. El portal Deadline se\u00f1al\u00f3 este mi\u00e9rcoles que Malcolm Spellman, y Dalan Musson se encargar\u00e1n del guion de esta cinta de la que [&hellip;]<\/p>\n","protected":false},"author":80,"featured_media":177779,"comment_status":"closed","ping_status":"closed","sticky":false,"template":"","format":"standard","meta":{"footnotes":""},"categories":[38],"tags":[],"class_list":["post-177778","post","type-post","status-publish","format-standard","has-post-thumbnail","hentry","category-show"],"_links":{"self":[{"href":"https:\/\/plazajuarez.mx\/historico\/wp-json\/wp\/v2\/posts\/177778","targetHints":{"allow":["GET"]}}],"collection":[{"href":"https:\/\/plazajuarez.mx\/historico\/wp-json\/wp\/v2\/posts"}],"about":[{"href":"https:\/\/plazajuarez.mx\/historico\/wp-json\/wp\/v2\/types\/post"}],"author":[{"embeddable":true,"href":"https:\/\/plazajuarez.mx\/historico\/wp-json\/wp\/v2\/users\/80"}],"replies":[{"embeddable":true,"href":"https:\/\/plazajuarez.mx\/historico\/wp-json\/wp\/v2\/comments?post=177778"}],"version-history":[{"count":0,"href":"https:\/\/plazajuarez.mx\/historico\/wp-json\/wp\/v2\/posts\/177778\/revisions"}],"wp:featuredmedia":[{"embeddable":true,"href":"https:\/\/plazajuarez.mx\/historico\/wp-json\/wp\/v2\/media\/177779"}],"wp:attachment":[{"href":"https:\/\/plazajuarez.mx\/historico\/wp-json\/wp\/v2\/media?parent=177778"}],"wp:term":[{"taxonomy":"category","embeddable":true,"href":"https:\/\/plazajuarez.mx\/historico\/wp-json\/wp\/v2\/categories?post=177778"},{"taxonomy":"post_tag","embeddable":true,"href":"https:\/\/plazajuarez.mx\/historico\/wp-json\/wp\/v2\/tags?post=177778"}],"curies":[{"name":"wp","href":"https:\/\/api.w.org\/{rel}","templated":true}]}}