{"id":177775,"date":"2021-08-18T16:50:39","date_gmt":"2021-08-18T21:50:39","guid":{"rendered":"https:\/\/plazajuarez.mx\/?p=177775"},"modified":"2021-08-18T16:51:52","modified_gmt":"2021-08-18T21:51:52","slug":"camila-cabello-y-olivia-rodrigo-actuaran-este-ano-en-los-premios-mtv-vma","status":"publish","type":"post","link":"https:\/\/plazajuarez.mx\/historico\/camila-cabello-y-olivia-rodrigo-actuaran-este-ano-en-los-premios-mtv-vma\/","title":{"rendered":"Camila Cabello y Olivia Rodrigo actuar\u00e1n este a\u00f1o en los premios MTV VMA"},"content":{"rendered":"\n<p>Las cantantes Camila Cabello y Olivia Rodrigo ser\u00e1n dos de las estrellas que actuar\u00e1n en la gala de entrega de los premios MTV Music Video Awards (VMA) este a\u00f1o, que se celebrar\u00e1 el pr\u00f3ximo mes de septiembre en Nueva York.<\/p>\n\n\n\n<p>Cabello, que ya protagoniz\u00f3 una sonada actuaci\u00f3n en la edici\u00f3n de 2019 cantando &#8220;Se\u00f1orita&#8221; junto a su pareja, Shawn Mendes, en esta ocasi\u00f3n interpretar\u00e1 su \u00faltimo single &#8220;Don&#8217;t Go Yet&#8221;.<\/p>\n\n\n\n<p>Adem\u00e1s de la cubano-estadounidense, tambi\u00e9n se subir\u00e1 al escenario del Barclays Center de Brooklyn la filipino-estadounidense Olivia Rodrigo, una de las cantantes m\u00e1s populares del a\u00f1o en EE.UU. despu\u00e9s de haber marcado varios r\u00e9cords en Spotify con su primer sencillo, &#8220;Drivers License&#8221;.<\/p>\n\n\n\n<p>Nominada a cinco VMA, entre ellos dos de los m\u00e1s destacados -Mejor Artista del A\u00f1o y Canci\u00f3n del A\u00f1o-, la joven de 18 a\u00f1os cantar\u00e1 su tercer single, &#8220;good 4 u&#8221;.<\/p>\n\n\n\n<p>Lil Nas X, Lorde y Machine Gun Kelly completan la lista de actuaciones, aunque la MTV asegura que a\u00fan quedan artistas por anunciar antes de la ceremonia, que tendr\u00e1 lugar el pr\u00f3ximo 12 de septiembre.<\/p>\n\n\n\n<p>En esta edici\u00f3n, en la que destaca la novedad del &#8220;g\u00e9nero neutro&#8221; que se le ha concedido a 14 categor\u00edas, lideran las nominaciones los cantantes Justin Bieber y Megan Thee Stallion, con siete y seis respectivamente.<\/p>\n\n\n\n<p>Bieber es el principal favorito gracias a varias colaboraciones entre las que destaca &#8220;POPSTAR&#8221;, junto a DJ Khaled y Drake, mientras que Thee Stallion juega casi todas sus papeletas al provocativo tema &#8220;WAP&#8221;, con Cardi B.<\/p>\n\n\n\n<p>En el siguiente lugar, con cinco nominaciones, figuran, adem\u00e1s de Rodrigo, Billie Eilish, BTS, Doja Cat, Drake, Giveon y Lil Nas X, seguidos por 24kGoldn, Cardi B, Dua Lipa y Taylor Swift, con cuatro.<\/p>\n\n\n\n<p>En la categor\u00eda de video del a\u00f1o, la m\u00e1s destacada, adem\u00e1s de Bieber y Megan Thee Stallion rivalizan Doja Cat y SZA por &#8220;Kiss Me More&#8221;, Ed Sheeran por &#8220;Bad Habits&#8221;, Lil Nas X por &#8220;MONTERO (Call Me By Your Name)&#8221; y The Weeknd por &#8220;Save Your Tears&#8221;.<\/p>\n","protected":false},"excerpt":{"rendered":"<p>Las cantantes Camila Cabello y Olivia Rodrigo ser\u00e1n dos de las estrellas que actuar\u00e1n en la gala de entrega de los premios MTV Music Video Awards (VMA) este a\u00f1o, que se celebrar\u00e1 el pr\u00f3ximo mes de septiembre en Nueva York. Cabello, que ya protagoniz\u00f3 una sonada actuaci\u00f3n en la edici\u00f3n de 2019 cantando &#8220;Se\u00f1orita&#8221; junto [&hellip;]<\/p>\n","protected":false},"author":80,"featured_media":177776,"comment_status":"closed","ping_status":"closed","sticky":false,"template":"","format":"standard","meta":{"footnotes":""},"categories":[1],"tags":[],"class_list":["post-177775","post","type-post","status-publish","format-standard","has-post-thumbnail","hentry","category-uncategorized"],"_links":{"self":[{"href":"https:\/\/plazajuarez.mx\/historico\/wp-json\/wp\/v2\/posts\/177775","targetHints":{"allow":["GET"]}}],"collection":[{"href":"https:\/\/plazajuarez.mx\/historico\/wp-json\/wp\/v2\/posts"}],"about":[{"href":"https:\/\/plazajuarez.mx\/historico\/wp-json\/wp\/v2\/types\/post"}],"author":[{"embeddable":true,"href":"https:\/\/plazajuarez.mx\/historico\/wp-json\/wp\/v2\/users\/80"}],"replies":[{"embeddable":true,"href":"https:\/\/plazajuarez.mx\/historico\/wp-json\/wp\/v2\/comments?post=177775"}],"version-history":[{"count":0,"href":"https:\/\/plazajuarez.mx\/historico\/wp-json\/wp\/v2\/posts\/177775\/revisions"}],"wp:featuredmedia":[{"embeddable":true,"href":"https:\/\/plazajuarez.mx\/historico\/wp-json\/wp\/v2\/media\/177776"}],"wp:attachment":[{"href":"https:\/\/plazajuarez.mx\/historico\/wp-json\/wp\/v2\/media?parent=177775"}],"wp:term":[{"taxonomy":"category","embeddable":true,"href":"https:\/\/plazajuarez.mx\/historico\/wp-json\/wp\/v2\/categories?post=177775"},{"taxonomy":"post_tag","embeddable":true,"href":"https:\/\/plazajuarez.mx\/historico\/wp-json\/wp\/v2\/tags?post=177775"}],"curies":[{"name":"wp","href":"https:\/\/api.w.org\/{rel}","templated":true}]}}