{"id":1776,"date":"2015-03-05T06:00:00","date_gmt":"2015-03-05T06:00:00","guid":{"rendered":"http:\/\/plazajuarez.mx\/index\/index.php\/2015\/03\/05\/netanyahu-regresa-a-israel-en-medio-de-criticas-de-los-principales-columnistas\/"},"modified":"2015-03-05T06:00:00","modified_gmt":"2015-03-05T06:00:00","slug":"netanyahu-regresa-a-israel-en-medio-de-criticas-de-los-principales-columnistas","status":"publish","type":"post","link":"https:\/\/plazajuarez.mx\/historico\/netanyahu-regresa-a-israel-en-medio-de-criticas-de-los-principales-columnistas\/","title":{"rendered":"Netanyahu regresa a Israel en medio de  cr\u00edticas de los principales columnistas"},"content":{"rendered":"<ul>\n<li><strong><strong>El primer ministro israel\u00ed, en plena campa\u00f1a electoral, asegura que vuelve convencido de que el mundo le ha escuchado<\/strong><\/strong> <!--more--> <\/li>\n<\/ul>\n<p>El primer ministro israel\u00ed, Benjam\u00edn Netanyahu, regres\u00f3 a Israel de su viaje a Washington para dar un discurso en el Congreso sobre el programa nuclear iran\u00ed, y lo ha hecho en medio de las cr\u00edticas de los principales columnistas.<\/p>\n<p>\u00abRegreso a Israel con el conocimiento de que muchos han escuchado, a lo largo y ancho del mundo, lo que Israel ten\u00eda que decirles sobre el mal acuerdo que se est\u00e1 gestando con Ir\u00e1n\u00bb, ha dicho a su llegada al aeropuerto.<\/p>\n<p>Netanyahu, en plena campa\u00f1a electoral de los comicios del 17 de marzo, ha asegurado que \u00abde las reacciones que ha recibido tanto de los dem\u00f3cratas como de los republicanos deduce que han comprendido mejor por qu\u00e9 el acuerdo es malo\u00bb.<\/p>\n<p>El primer ministro, duramente criticado por la Casa Blanca y por una de las l\u00edderes dem\u00f3cratas del Congreso, asegura que \u00abahora entienden cu\u00e1l es la alternativa a este acuerdo\u00bb, en alusi\u00f3n a que la comunidad internacional deber\u00eda seguir con las sanciones a Ir\u00e1n hasta que este pa\u00eds ceda su capacidad para enriquecer uranio.<\/p>\n<p>En medios locales, las cr\u00edticas al viaje han sido casi generalizadas con la excepci\u00f3n del diario \u00abIsrael Hayom\u00bb, de la \u00f3rbita pol\u00edtica del primer ministro, y algunos columnistas de derechas.<\/p>\n<p>La veterana Sima Kadm\u00f3n, del diario \u00abYediot Aharonot\u00bb, calific\u00f3 la comparecencia ante el Congreso como \u00abun discurso de supervivencia\u00bb de Netanyahu, y le ha instado a dedicarse a la carrera de actor al decir que \u00abcon facilidad se lo puede imaginar uno en un escenario de Broadway\u00bb.<\/p>\n<p>\u00abNetanyahu tiene ahora un s\u00f3lo problema: Que regresa a Israel, donde le esperan todos los asuntos de los que quer\u00eda desviar la atenci\u00f3n, los que quer\u00eda retirar de la agenda (pol\u00edtica de las elecciones)\u00bb.<\/p>\n<p>El reconocido Nahum Barnea, del mismo diario, estima que \u00abla impresi\u00f3n del discurso\u00bb que se hayan llevado los senadores y congresistas \u00abse derretir\u00e1 antes que la nieve que cubre Washington\u00bb, mientras que Eitan Haber advirti\u00f3 que Israel est\u00e1 \u00aben problemas\u00bb porque \u00absin EU ni siquiera las oraciones servir\u00e1n\u00bb para parar el programa nuclear de Ir\u00e1n. (Agencias)<\/p>\n","protected":false},"excerpt":{"rendered":"<p>El primer ministro israel\u00ed, en plena campa\u00f1a electoral, asegura que vuelve convencido de que el mundo le ha escuchado<\/p>\n","protected":false},"author":93,"featured_media":0,"comment_status":"open","ping_status":"open","sticky":false,"template":"","format":"standard","meta":{"footnotes":""},"categories":[31],"tags":[],"class_list":["post-1776","post","type-post","status-publish","format-standard","hentry","category-orbe"],"_links":{"self":[{"href":"https:\/\/plazajuarez.mx\/historico\/wp-json\/wp\/v2\/posts\/1776","targetHints":{"allow":["GET"]}}],"collection":[{"href":"https:\/\/plazajuarez.mx\/historico\/wp-json\/wp\/v2\/posts"}],"about":[{"href":"https:\/\/plazajuarez.mx\/historico\/wp-json\/wp\/v2\/types\/post"}],"author":[{"embeddable":true,"href":"https:\/\/plazajuarez.mx\/historico\/wp-json\/wp\/v2\/users\/93"}],"replies":[{"embeddable":true,"href":"https:\/\/plazajuarez.mx\/historico\/wp-json\/wp\/v2\/comments?post=1776"}],"version-history":[{"count":0,"href":"https:\/\/plazajuarez.mx\/historico\/wp-json\/wp\/v2\/posts\/1776\/revisions"}],"wp:attachment":[{"href":"https:\/\/plazajuarez.mx\/historico\/wp-json\/wp\/v2\/media?parent=1776"}],"wp:term":[{"taxonomy":"category","embeddable":true,"href":"https:\/\/plazajuarez.mx\/historico\/wp-json\/wp\/v2\/categories?post=1776"},{"taxonomy":"post_tag","embeddable":true,"href":"https:\/\/plazajuarez.mx\/historico\/wp-json\/wp\/v2\/tags?post=1776"}],"curies":[{"name":"wp","href":"https:\/\/api.w.org\/{rel}","templated":true}]}}