{"id":177560,"date":"2021-08-17T12:50:10","date_gmt":"2021-08-17T17:50:10","guid":{"rendered":"https:\/\/plazajuarez.mx\/?p=177560"},"modified":"2021-08-17T12:50:22","modified_gmt":"2021-08-17T17:50:22","slug":"britney_topless","status":"publish","type":"post","link":"https:\/\/plazajuarez.mx\/historico\/britney_topless\/","title":{"rendered":"Britney Spears se libera y posa topless"},"content":{"rendered":"\n<p class=\"wp-block-paragraph\">Luego de que el padre de<a href=\"https:\/\/twitter.com\/britneyspears\/media\"> Britney Spears<\/a> finalmente renunciara a la tutela de la cantante, misma que mantuvo durante 13 a\u00f1os, la int\u00e9rprete de &#8220;Toxic&#8221; hizo una publicaci\u00f3n en su Instagram donde aparece topless como s\u00edmbolo de la libertad que ahora disfruta.<\/p>\n\n\n\n<p class=\"wp-block-paragraph\">&#8220;Quer\u00eda verme de una manera m\u00e1s ligera, desnuda, de la forma en que nac\u00ed y para m\u00ed, mirando atr\u00e1s mis fotos es una locura la psicolog\u00eda de verme a mi misma en mi forma m\u00e1s pura, evidencia que el dolor, las l\u00e1grimas y las cargas pesadas no son lo que soy. Soy una mujer hermosa, sensible, que necesita mirarse a s\u00ed misma en su forma m\u00e1s pura&#8221;, escribi\u00f3 Spears.<\/p>\n\n\n\n<p class=\"wp-block-paragraph\">Fue el 12 de agosto cuando se dio a conocer la noticia de que Jamie Spears ced\u00eda los derechos que se le otorgaron sobre la herencia de su hija en 2008, cuando ella tuvo un problema de salud mental por el que determinaron que no pod\u00eda manejar sus asuntos.<\/p>\n\n\n\n<p class=\"wp-block-paragraph\">Desde entonces comenz\u00f3 un caso judicial por la tutela de Britney, que se aviv\u00f3 socialmente en 2019 cuando luego de cancelar algunos conciertos sus fans se enteraron que estaba internada contra su voluntad y comenz\u00f3 el movimiento Free Britney.<\/p>\n\n\n\n<p class=\"wp-block-paragraph\">En julio pasado durante una audiencia la cantante habl\u00f3 de las injusticias de las que ha sido v\u00edctima bajo el dominio de su padre, como no tener la libertad de elegir su maternidad y manifest\u00f3 ser capaz de controlar su vida ahora que se encuentra recuperada.<\/p>\n\n\n\n<p class=\"wp-block-paragraph\">Asimismo pidi\u00f3 que fuera el especialista en contabilidad Jason Rubin quien ahora se encargue de manejar sus cuentas.<\/p>\n\n\n\n<p class=\"wp-block-paragraph\">&#8220;El se\u00f1or Spears quiere trabajar con el tribunal y con el nuevo abogado de su hija para preparar una transici\u00f3n ordenada hacia un nuevo tutor&#8221;, dijo el abogado de Britney Spears, Mathew Rosengart, en un comunicado.<\/p>\n\n\n\n<p class=\"wp-block-paragraph\">Esto fue considerado una victoria para la batalla legal que Britney emprendi\u00f3, por lo que la publicaci\u00f3n tiene m\u00e1s de dos millones de &#8220;me gusta&#8221; y 56 mil comentarios en los que los fans aplauden su valent\u00eda.<\/p>\n\n\n\n<p class=\"wp-block-paragraph\"><\/p>\n","protected":false},"excerpt":{"rendered":"<p>Luego de que el padre de Britney Spears finalmente renunciara a la tutela de la cantante, misma que mantuvo durante 13 a\u00f1os, la int\u00e9rprete de &#8220;Toxic&#8221; hizo una publicaci\u00f3n en su Instagram donde aparece topless como s\u00edmbolo de la libertad que ahora disfruta. &#8220;Quer\u00eda verme de una manera m\u00e1s ligera, desnuda, de la forma en [&hellip;]<\/p>\n","protected":false},"author":81,"featured_media":177561,"comment_status":"closed","ping_status":"closed","sticky":false,"template":"","format":"standard","meta":{"footnotes":""},"categories":[38],"tags":[],"class_list":["post-177560","post","type-post","status-publish","format-standard","has-post-thumbnail","hentry","category-show"],"_links":{"self":[{"href":"https:\/\/plazajuarez.mx\/historico\/wp-json\/wp\/v2\/posts\/177560","targetHints":{"allow":["GET"]}}],"collection":[{"href":"https:\/\/plazajuarez.mx\/historico\/wp-json\/wp\/v2\/posts"}],"about":[{"href":"https:\/\/plazajuarez.mx\/historico\/wp-json\/wp\/v2\/types\/post"}],"author":[{"embeddable":true,"href":"https:\/\/plazajuarez.mx\/historico\/wp-json\/wp\/v2\/users\/81"}],"replies":[{"embeddable":true,"href":"https:\/\/plazajuarez.mx\/historico\/wp-json\/wp\/v2\/comments?post=177560"}],"version-history":[{"count":0,"href":"https:\/\/plazajuarez.mx\/historico\/wp-json\/wp\/v2\/posts\/177560\/revisions"}],"wp:featuredmedia":[{"embeddable":true,"href":"https:\/\/plazajuarez.mx\/historico\/wp-json\/wp\/v2\/media\/177561"}],"wp:attachment":[{"href":"https:\/\/plazajuarez.mx\/historico\/wp-json\/wp\/v2\/media?parent=177560"}],"wp:term":[{"taxonomy":"category","embeddable":true,"href":"https:\/\/plazajuarez.mx\/historico\/wp-json\/wp\/v2\/categories?post=177560"},{"taxonomy":"post_tag","embeddable":true,"href":"https:\/\/plazajuarez.mx\/historico\/wp-json\/wp\/v2\/tags?post=177560"}],"curies":[{"name":"wp","href":"https:\/\/api.w.org\/{rel}","templated":true}]}}