{"id":177542,"date":"2021-08-17T10:21:56","date_gmt":"2021-08-17T15:21:56","guid":{"rendered":"https:\/\/plazajuarez.mx\/?p=177542"},"modified":"2021-08-17T12:00:14","modified_gmt":"2021-08-17T17:00:14","slug":"avanza-plan-de-reactivacion-economica-en-tulancingo","status":"publish","type":"post","link":"https:\/\/plazajuarez.mx\/historico\/avanza-plan-de-reactivacion-economica-en-tulancingo\/","title":{"rendered":"Avanza Plan de Reactivaci\u00f3n econ\u00f3mica en Tulancingo"},"content":{"rendered":"\n<p class=\"wp-block-paragraph\"><strong>.- Tulancingo&nbsp;<\/strong><\/p>\n\n\n\n<p class=\"wp-block-paragraph\">Con reglas de operaci\u00f3n m\u00e1s sencillas de cumplir y con la intenci\u00f3n de abarcar al mayor n\u00famero de beneficiarios;&nbsp; la Secretaria de Fomento Econ\u00f3mico avanza en la inscripci\u00f3n de beneficiarios&nbsp; y coordinaci\u00f3n general del Plan de Reactivaci\u00f3n Econ\u00f3mica destinado a contrarrestar el impacto a causa de la pandemia.<\/p>\n\n\n\n<p class=\"wp-block-paragraph\">Recientemente el Ayuntamiento aprob\u00f3 este beneficio dirigido a&nbsp; impulsar la creaci\u00f3n, innovaci\u00f3n y expansi\u00f3n de empresas con lo cual se persigue la atracci\u00f3n de inversiones y el crecimiento del mercado interno de manera sostenible e incluyente.&nbsp;<\/p>\n\n\n\n<p class=\"wp-block-paragraph\">Juan Garc\u00eda Melo, secretario de Fomento Econ\u00f3mico, resalt\u00f3 el inter\u00e9s del alcalde, Jorge M\u00e1rquez Alvarado, en cumplir uno de sus ofrecimientos en periodo de campa\u00f1a para cambiar el efecto negativo en la econom\u00eda del Covid-19.<\/p>\n\n\n\n<p class=\"wp-block-paragraph\">Desde inicio de su administraci\u00f3n, M\u00e1rquez Alvarado se ha pronunciado a favor de generar condiciones y oportunidades para fortalecer la actividad econ\u00f3mica y comercial del municipio, la cual da sustento a cientos de familias.<\/p>\n\n\n\n<p class=\"wp-block-paragraph\">Derivado de las solicitudes recibidas en la primera etapa del programa se restructuraron las reglas de operaci\u00f3n en diversos&nbsp; rubros como, el plazo para retornar el dinero que se ofrece en calidad de tanda.<\/p>\n\n\n\n<p class=\"wp-block-paragraph\">As\u00ed tambi\u00e9n el tr\u00e1mite podr\u00e1 realizarse&nbsp; de manera individual pues&nbsp; hubo baja demanda en la forma grupal. Hasta el momento, se tienen 270 solicitudes de comerciantes y microempresarios para adherirse al citado plan.<\/p>\n\n\n\n<p class=\"wp-block-paragraph\">La inscripci\u00f3n de&nbsp; beneficiarios, se realizar\u00e1 en las oficinas de Desarrollo Comercial ubicadas en planta baja de presidencia municipal. Tanto los requisitos, como las bases, podr\u00e1n ser consultados en la misma&nbsp; direcci\u00f3n as\u00ed como en la Secretaria de Fomento Econ\u00f3mico.<\/p>\n","protected":false},"excerpt":{"rendered":"<p>.- Tulancingo&nbsp; Con reglas de operaci\u00f3n m\u00e1s sencillas de cumplir y con la intenci\u00f3n de abarcar al mayor n\u00famero de beneficiarios;&nbsp; la Secretaria de Fomento Econ\u00f3mico avanza en la inscripci\u00f3n de beneficiarios&nbsp; y coordinaci\u00f3n general del Plan de Reactivaci\u00f3n Econ\u00f3mica destinado a contrarrestar el impacto a causa de la pandemia. Recientemente el Ayuntamiento aprob\u00f3 este [&hellip;]<\/p>\n","protected":false},"author":93,"featured_media":177543,"comment_status":"closed","ping_status":"closed","sticky":false,"template":"","format":"standard","meta":{"footnotes":""},"categories":[40],"tags":[],"class_list":["post-177542","post","type-post","status-publish","format-standard","has-post-thumbnail","hentry","category-region"],"_links":{"self":[{"href":"https:\/\/plazajuarez.mx\/historico\/wp-json\/wp\/v2\/posts\/177542","targetHints":{"allow":["GET"]}}],"collection":[{"href":"https:\/\/plazajuarez.mx\/historico\/wp-json\/wp\/v2\/posts"}],"about":[{"href":"https:\/\/plazajuarez.mx\/historico\/wp-json\/wp\/v2\/types\/post"}],"author":[{"embeddable":true,"href":"https:\/\/plazajuarez.mx\/historico\/wp-json\/wp\/v2\/users\/93"}],"replies":[{"embeddable":true,"href":"https:\/\/plazajuarez.mx\/historico\/wp-json\/wp\/v2\/comments?post=177542"}],"version-history":[{"count":0,"href":"https:\/\/plazajuarez.mx\/historico\/wp-json\/wp\/v2\/posts\/177542\/revisions"}],"wp:featuredmedia":[{"embeddable":true,"href":"https:\/\/plazajuarez.mx\/historico\/wp-json\/wp\/v2\/media\/177543"}],"wp:attachment":[{"href":"https:\/\/plazajuarez.mx\/historico\/wp-json\/wp\/v2\/media?parent=177542"}],"wp:term":[{"taxonomy":"category","embeddable":true,"href":"https:\/\/plazajuarez.mx\/historico\/wp-json\/wp\/v2\/categories?post=177542"},{"taxonomy":"post_tag","embeddable":true,"href":"https:\/\/plazajuarez.mx\/historico\/wp-json\/wp\/v2\/tags?post=177542"}],"curies":[{"name":"wp","href":"https:\/\/api.w.org\/{rel}","templated":true}]}}