{"id":177532,"date":"2021-08-17T10:40:07","date_gmt":"2021-08-17T15:40:07","guid":{"rendered":"https:\/\/plazajuarez.mx\/?p=177532"},"modified":"2021-08-17T11:56:30","modified_gmt":"2021-08-17T16:56:30","slug":"balean-a-civil-en-la-via-publica","status":"publish","type":"post","link":"https:\/\/plazajuarez.mx\/historico\/balean-a-civil-en-la-via-publica\/","title":{"rendered":"Balean a civil en la v\u00eda p\u00fablica"},"content":{"rendered":"\n<p class=\"wp-block-paragraph\">.- Tulancingo<\/p>\n\n\n\n<p class=\"wp-block-paragraph\">Servicios de emergencia y de seguridad p\u00fablica atendieron el domingo, un reporte donde se se\u00f1alaba que un vecino de la colonia Francisco I. Madero hab\u00eda sido herido con arma de fuego en una pierna; sin que se haya podido asegurar al responsable.<\/p>\n\n\n\n<p class=\"wp-block-paragraph\">La Secretar\u00eda de Seguridad Ciudadana acudi\u00f3 al llamado en la calle Pino Suarez, entre Miguel Negrete y Venustiano Carranza de la colonia referida: Elementos policiacos confirmaron la presencia de un hombre tirado en el piso, con abundante sangre en una pierna.<\/p>\n\n\n\n<p class=\"wp-block-paragraph\">El lesionado ya se encontraba recibiendo los primeros auxilios por parte de personal de Cruz Roja, para estabilizarlo y enseguida trasladarlo a una cl\u00ednica particular de este municipio.<\/p>\n\n\n\n<p class=\"wp-block-paragraph\">El herido refiri\u00f3 a las autoridades que fue lesionado con arma de fuego en su pierna derecha por un sujeto, sin ofrecer m\u00e1s detalles al respecto.<\/p>\n\n\n\n<p class=\"wp-block-paragraph\">Habitantes de la zona manifestaron haber escuchado la detonaci\u00f3n de arma y observaron a su vecino tirado en el suelo, pero no vieron a nadie m\u00e1s en el sitio; pidieron apoyo de unidades de emergencia.&nbsp;<\/p>\n","protected":false},"excerpt":{"rendered":"<p>.- Tulancingo Servicios de emergencia y de seguridad p\u00fablica atendieron el domingo, un reporte donde se se\u00f1alaba que un vecino de la colonia Francisco I. Madero hab\u00eda sido herido con arma de fuego en una pierna; sin que se haya podido asegurar al responsable. La Secretar\u00eda de Seguridad Ciudadana acudi\u00f3 al llamado en la calle [&hellip;]<\/p>\n","protected":false},"author":70,"featured_media":177547,"comment_status":"closed","ping_status":"closed","sticky":false,"template":"","format":"standard","meta":{"footnotes":""},"categories":[40],"tags":[],"class_list":["post-177532","post","type-post","status-publish","format-standard","has-post-thumbnail","hentry","category-region"],"_links":{"self":[{"href":"https:\/\/plazajuarez.mx\/historico\/wp-json\/wp\/v2\/posts\/177532","targetHints":{"allow":["GET"]}}],"collection":[{"href":"https:\/\/plazajuarez.mx\/historico\/wp-json\/wp\/v2\/posts"}],"about":[{"href":"https:\/\/plazajuarez.mx\/historico\/wp-json\/wp\/v2\/types\/post"}],"author":[{"embeddable":true,"href":"https:\/\/plazajuarez.mx\/historico\/wp-json\/wp\/v2\/users\/70"}],"replies":[{"embeddable":true,"href":"https:\/\/plazajuarez.mx\/historico\/wp-json\/wp\/v2\/comments?post=177532"}],"version-history":[{"count":0,"href":"https:\/\/plazajuarez.mx\/historico\/wp-json\/wp\/v2\/posts\/177532\/revisions"}],"wp:featuredmedia":[{"embeddable":true,"href":"https:\/\/plazajuarez.mx\/historico\/wp-json\/wp\/v2\/media\/177547"}],"wp:attachment":[{"href":"https:\/\/plazajuarez.mx\/historico\/wp-json\/wp\/v2\/media?parent=177532"}],"wp:term":[{"taxonomy":"category","embeddable":true,"href":"https:\/\/plazajuarez.mx\/historico\/wp-json\/wp\/v2\/categories?post=177532"},{"taxonomy":"post_tag","embeddable":true,"href":"https:\/\/plazajuarez.mx\/historico\/wp-json\/wp\/v2\/tags?post=177532"}],"curies":[{"name":"wp","href":"https:\/\/api.w.org\/{rel}","templated":true}]}}