{"id":177527,"date":"2021-08-17T10:06:24","date_gmt":"2021-08-17T15:06:24","guid":{"rendered":"https:\/\/plazajuarez.mx\/?p=177527"},"modified":"2021-08-17T10:14:51","modified_gmt":"2021-08-17T15:14:51","slug":"brutal-choque-en-el-tramo-tulancingo-tejocotal","status":"publish","type":"post","link":"https:\/\/plazajuarez.mx\/historico\/brutal-choque-en-el-tramo-tulancingo-tejocotal\/","title":{"rendered":"BRUTAL CHOQUE EN EL TRAMO TULANCINGO-TEJOCOTAL"},"content":{"rendered":"\n<p>Est\u00e1 ma\u00f1ana en la carretera Tulancingo-Tihuatl\u00e1n en el kil\u00f3metro 102+980 que se localiza a la altura del tramo Tulancingo-Tejocotal, se registr\u00f3 un brutal choque entre dos automotores, lo que arroj\u00f3 saldo rojo de cuatro muertos y nueve lesionados graves.<\/p>\n\n\n\n<p>El siniestro se report\u00f3 al 911 de Emergencias y v\u00eda radio se extendi\u00f3 la alerta de la letal contingencia a las corporaciones policiacas y de socorro de la regi\u00f3n de Tulancingo, para tomar conocimiento y brindar ayuda m\u00e9dica a los afectados respectivamente.<\/p>\n\n\n\n<p>Elementos de las polic\u00edas municipales de la regi\u00f3n, efectivos de la Agencia de Seguridad del estado de Hidalgo y oficiales de la Guardia Nacional acudieron a prestar apoyo y abanderan el lugar, para permitir las labores de rescate.<\/p>\n\n\n\n<p>Por los cuatro fallecidos se dio intervenci\u00f3n a la Procuradur\u00eda General de Justicia de Hidalgo, cuyos peritos arribaron al lugar del siniestro para las diligencias correspondientes, adem\u00e1s del levantamiento de los cuerpos y agentes del ministerio p\u00fablico dieron inicio a la carpeta de investigaci\u00f3n.<\/p>\n","protected":false},"excerpt":{"rendered":"<p>Est\u00e1 ma\u00f1ana en la carretera Tulancingo-Tihuatl\u00e1n en el kil\u00f3metro 102+980 que se localiza a la altura del tramo Tulancingo-Tejocotal, se registr\u00f3 un brutal choque entre dos automotores, lo que arroj\u00f3 saldo rojo de cuatro muertos y nueve lesionados graves. El siniestro se report\u00f3 al 911 de Emergencias y v\u00eda radio se extendi\u00f3 la alerta de [&hellip;]<\/p>\n","protected":false},"author":93,"featured_media":177528,"comment_status":"closed","ping_status":"closed","sticky":false,"template":"","format":"standard","meta":{"footnotes":""},"categories":[15,40],"tags":[],"class_list":["post-177527","post","type-post","status-publish","format-standard","has-post-thumbnail","hentry","category-destacadas","category-region"],"_links":{"self":[{"href":"https:\/\/plazajuarez.mx\/historico\/wp-json\/wp\/v2\/posts\/177527","targetHints":{"allow":["GET"]}}],"collection":[{"href":"https:\/\/plazajuarez.mx\/historico\/wp-json\/wp\/v2\/posts"}],"about":[{"href":"https:\/\/plazajuarez.mx\/historico\/wp-json\/wp\/v2\/types\/post"}],"author":[{"embeddable":true,"href":"https:\/\/plazajuarez.mx\/historico\/wp-json\/wp\/v2\/users\/93"}],"replies":[{"embeddable":true,"href":"https:\/\/plazajuarez.mx\/historico\/wp-json\/wp\/v2\/comments?post=177527"}],"version-history":[{"count":0,"href":"https:\/\/plazajuarez.mx\/historico\/wp-json\/wp\/v2\/posts\/177527\/revisions"}],"wp:featuredmedia":[{"embeddable":true,"href":"https:\/\/plazajuarez.mx\/historico\/wp-json\/wp\/v2\/media\/177528"}],"wp:attachment":[{"href":"https:\/\/plazajuarez.mx\/historico\/wp-json\/wp\/v2\/media?parent=177527"}],"wp:term":[{"taxonomy":"category","embeddable":true,"href":"https:\/\/plazajuarez.mx\/historico\/wp-json\/wp\/v2\/categories?post=177527"},{"taxonomy":"post_tag","embeddable":true,"href":"https:\/\/plazajuarez.mx\/historico\/wp-json\/wp\/v2\/tags?post=177527"}],"curies":[{"name":"wp","href":"https:\/\/api.w.org\/{rel}","templated":true}]}}